{"id":196,"date":"2021-08-21T11:40:00","date_gmt":"2021-08-21T14:40:00","guid":{"rendered":"https:\/\/www.facet.unt.edu.ar\/azucarera\/?p=196"},"modified":"2021-08-21T11:41:29","modified_gmt":"2021-08-21T14:41:29","slug":"cursillo-matematica","status":"publish","type":"post","link":"https:\/\/www.facet.unt.edu.ar\/azucarera\/2021\/08\/21\/cursillo-matematica\/","title":{"rendered":"Cursillo Matem\u00e1tica"},"content":{"rendered":"<h3><strong>Inscripci\u00f3n al cursillo de Nivelaci\u00f3n para el cursado 2022<\/strong><\/h3>\n<p><a href=\"https:\/\/www.facet.unt.edu.ar\/dpto-cs-comp\/wp-content\/uploads\/sites\/29\/2020\/10\/logo-ingreso-2019.png\"><img decoding=\"async\" loading=\"lazy\" class=\"wp-image-2162 aligncenter\" src=\"https:\/\/www.facet.unt.edu.ar\/dpto-cs-comp\/wp-content\/uploads\/sites\/29\/2020\/10\/logo-ingreso-2019.png\" alt=\"Logo \u00c1rea de Ingreso\" width=\"348\" height=\"97\" \/><\/a><\/p>\n<p>Se abre una nueva instancia del Cursillo de Nivelaci\u00f3n en Matem\u00e1tica, para poder cursar en 2022.<\/p>\n<p dir=\"ltr\"><strong>Cierre de Inscripciones<\/strong>\u00a0(obligatorias):\u00a0<strong>25 de Agosto 2021.\u00a0<\/strong><\/p>\n<p dir=\"ltr\"><strong>Inicio del curso<\/strong>: 1 de Septiembre de 2021.<\/p>\n<p dir=\"ltr\"><strong>Duraci\u00f3n<\/strong>: 13 semanas.<\/p>\n<p dir=\"ltr\"><strong>Modalidad<\/strong>: Virtual.<\/p>\n<p dir=\"ltr\"><strong>D\u00edas y horarios para las clases por videoconferencia<\/strong>: lunes, mi\u00e9rcoles y viernes, en tres turnos a elecci\u00f3n: de 9 a 11 hs, de 15 a 17 hs o de 19 a 21 hs. Se eligen al momento de la inscripci\u00f3n.<\/p>\n<p><strong>+Info, costo\u00a0 y formulario de inscripci\u00f3n<\/strong>: <a href=\"https:\/\/www.facet.unt.edu.ar\/curso-de-nivelacion-en-matematica-septiembre-noviembre-2021\/\">https:\/\/www.facet.unt.edu.ar\/curso-de-nivelacion-en-matematica-septiembre-noviembre-2021\/<\/a><\/p>\n","protected":false},"excerpt":{"rendered":"<p>Inscripci\u00f3n al cursillo de Nivelaci\u00f3n para el cursado 2022 Se abre una nueva instancia del Cursillo de Nivelaci\u00f3n en Matem\u00e1tica, para poder cursar en 2022. Cierre de Inscripciones\u00a0(obligatorias):\u00a025 de Agosto 2021.\u00a0 Inicio del curso: 1 de Septiembre de 2021. Duraci\u00f3n: 13 semanas. Modalidad: Virtual. D\u00edas y horarios para las clases por videoconferencia: lunes, mi\u00e9rcoles y [&hellip;]<\/p>\n","protected":false},"author":101053,"featured_media":0,"comment_status":"closed","ping_status":"closed","sticky":false,"template":"","format":"standard","meta":[],"categories":[6],"tags":[],"_links":{"self":[{"href":"https:\/\/www.facet.unt.edu.ar\/azucarera\/wp-json\/wp\/v2\/posts\/196"}],"collection":[{"href":"https:\/\/www.facet.unt.edu.ar\/azucarera\/wp-json\/wp\/v2\/posts"}],"about":[{"href":"https:\/\/www.facet.unt.edu.ar\/azucarera\/wp-json\/wp\/v2\/types\/post"}],"author":[{"embeddable":true,"href":"https:\/\/www.facet.unt.edu.ar\/azucarera\/wp-json\/wp\/v2\/users\/101053"}],"replies":[{"embeddable":true,"href":"https:\/\/www.facet.unt.edu.ar\/azucarera\/wp-json\/wp\/v2\/comments?post=196"}],"version-history":[{"count":2,"href":"https:\/\/www.facet.unt.edu.ar\/azucarera\/wp-json\/wp\/v2\/posts\/196\/revisions"}],"predecessor-version":[{"id":198,"href":"https:\/\/www.facet.unt.edu.ar\/azucarera\/wp-json\/wp\/v2\/posts\/196\/revisions\/198"}],"wp:attachment":[{"href":"https:\/\/www.facet.unt.edu.ar\/azucarera\/wp-json\/wp\/v2\/media?parent=196"}],"wp:term":[{"taxonomy":"category","embeddable":true,"href":"https:\/\/www.facet.unt.edu.ar\/azucarera\/wp-json\/wp\/v2\/categories?post=196"},{"taxonomy":"post_tag","embeddable":true,"href":"https:\/\/www.facet.unt.edu.ar\/azucarera\/wp-json\/wp\/v2\/tags?post=196"}],"curies":[{"name":"wp","href":"https:\/\/api.w.org\/{rel}","templated":true}]}}