{"id":364,"date":"2020-11-18T00:10:10","date_gmt":"2020-11-18T03:10:10","guid":{"rendered":"https:\/\/www.facet.unt.edu.ar\/cyklos\/?p=364"},"modified":"2020-11-18T00:10:16","modified_gmt":"2020-11-18T03:10:16","slug":"novedades-cilca-2021","status":"publish","type":"post","link":"https:\/\/www.facet.unt.edu.ar\/cyklos\/2020\/11\/18\/novedades-cilca-2021\/","title":{"rendered":"Novedades CILCA 2021"},"content":{"rendered":"<p>El comit\u00e9 organizador del IX Conferencia Internacional sobre An\u00e1lisis de Ciclo de Vida en Latinoam\u00e9rica CILCA 2021 comunica que despu\u00e9s de evaluar cuidadosamente los anuncios recientes de (organizaciones y) eventos nacionales e internacionales, han concluido que la mejor opci\u00f3n para CILCA 2021 es ir <strong>completamente virtual<\/strong>, ajustando ligeramente las fechas, que se realizar\u00e1 entre el <strong>31 de mayo y el 4 de junio de 2021<\/strong>.<\/p>\n<p>Recientemente se han cancelado varios congresos internacionales, sin embargo preferieren apostar por la virtualidad, bas\u00e1ndoses en anteriores eventos exitosos y habiendo analizado a fondo los recursos, herramientas y actividades, concluyeron que muchos de ellos podr\u00edan adaptarse a m\u00faltiples situaciones.<\/p>\n<p>De esta forma, esperan no solo velar por el bienestar de la salud de todos los participantes sino tambi\u00e9n ofrecerles una nueva y agradable experiencia.<\/p>\n<p>En esta edici\u00f3n de CILCA, esperan ofrecer conferencias sobre temas de gran inter\u00e9s para todos los practicantes de LCA, espacios moderados para discusi\u00f3n en vivo, oportunidades de networking, entrevistas en vivo, exhibiciones culturales en vivo y espacios virtuales para empresas.<\/p>\n<p>Agradecen el hecho de que hayan confiado en CILCA para enviar sus contribuciones. Actualmente estan en la etapa de revisi\u00f3n por pares y que los resultados estar\u00e1n disponibles pronto, para la primera semana de diciembre.<\/p>\n","protected":false},"excerpt":{"rendered":"<p>El comit\u00e9 organizador del IX Conferencia Internacional sobre An\u00e1lisis de Ciclo de Vida en Latinoam\u00e9rica CILCA 2021 comunica que despu\u00e9s de evaluar cuidadosamente los anuncios recientes de (organizaciones y) eventos nacionales e internacionales, han concluido que la mejor opci\u00f3n para CILCA 2021 es ir completamente virtual, ajustando ligeramente las fechas, que se realizar\u00e1 entre el [&hellip;]<\/p>\n","protected":false},"author":101047,"featured_media":0,"comment_status":"closed","ping_status":"closed","sticky":false,"template":"","format":"standard","meta":[],"categories":[1],"tags":[],"_links":{"self":[{"href":"https:\/\/www.facet.unt.edu.ar\/cyklos\/wp-json\/wp\/v2\/posts\/364"}],"collection":[{"href":"https:\/\/www.facet.unt.edu.ar\/cyklos\/wp-json\/wp\/v2\/posts"}],"about":[{"href":"https:\/\/www.facet.unt.edu.ar\/cyklos\/wp-json\/wp\/v2\/types\/post"}],"author":[{"embeddable":true,"href":"https:\/\/www.facet.unt.edu.ar\/cyklos\/wp-json\/wp\/v2\/users\/101047"}],"replies":[{"embeddable":true,"href":"https:\/\/www.facet.unt.edu.ar\/cyklos\/wp-json\/wp\/v2\/comments?post=364"}],"version-history":[{"count":1,"href":"https:\/\/www.facet.unt.edu.ar\/cyklos\/wp-json\/wp\/v2\/posts\/364\/revisions"}],"predecessor-version":[{"id":365,"href":"https:\/\/www.facet.unt.edu.ar\/cyklos\/wp-json\/wp\/v2\/posts\/364\/revisions\/365"}],"wp:attachment":[{"href":"https:\/\/www.facet.unt.edu.ar\/cyklos\/wp-json\/wp\/v2\/media?parent=364"}],"wp:term":[{"taxonomy":"category","embeddable":true,"href":"https:\/\/www.facet.unt.edu.ar\/cyklos\/wp-json\/wp\/v2\/categories?post=364"},{"taxonomy":"post_tag","embeddable":true,"href":"https:\/\/www.facet.unt.edu.ar\/cyklos\/wp-json\/wp\/v2\/tags?post=364"}],"curies":[{"name":"wp","href":"https:\/\/api.w.org\/{rel}","templated":true}]}}