{"id":2076,"date":"2025-09-17T15:00:11","date_gmt":"2025-09-17T18:00:11","guid":{"rendered":"https:\/\/www.facet.unt.edu.ar\/cyt\/?p=2076"},"modified":"2025-09-17T15:51:50","modified_gmt":"2025-09-17T18:51:50","slug":"united-nations-costa-rica-workshop-on-machine-learning-applied-to-space-weather-and-global-navigation-satellite-systems","status":"publish","type":"post","link":"https:\/\/www.facet.unt.edu.ar\/cyt\/2025\/09\/17\/united-nations-costa-rica-workshop-on-machine-learning-applied-to-space-weather-and-global-navigation-satellite-systems\/","title":{"rendered":"United Nations\/Costa Rica Workshop on Machine Learning applied to Space Weather and Global Navigation Satellite Systems"},"content":{"rendered":"<div id=\"pl-2076\"  class=\"panel-layout\" ><div id=\"pg-2076-0\"  class=\"panel-grid panel-no-style\" ><div id=\"pgc-2076-0-0\"  class=\"panel-grid-cell\" ><div id=\"panel-2076-0-0-0\" class=\"so-panel widget widget_media_image panel-first-child panel-last-child\" data-index=\"0\" ><a href=\"https:\/\/www.unoosa.org\/oosa\/en\/ourwork\/psa\/schedule\/2026\/united-nations-costa-rica-workshop-2026.html\"><img width=\"455\" height=\"331\" src=\"https:\/\/www.facet.unt.edu.ar\/cyt\/wp-content\/uploads\/sites\/76\/2025\/09\/UNOOSA.png\" class=\"image wp-image-2077  attachment-full size-full\" alt=\"\" decoding=\"async\" loading=\"lazy\" style=\"max-width: 100%; height: auto;\" \/><\/a><\/div><\/div><div id=\"pgc-2076-0-1\"  class=\"panel-grid-cell\" ><div id=\"panel-2076-0-1-0\" class=\"so-panel widget widget_black-studio-tinymce widget_black_studio_tinymce panel-first-child panel-last-child\" data-index=\"1\" ><div class=\"textwidget\"><p><strong>16 - 20 de febrero de 2026<\/strong><br \/>\n<strong>San Jos\u00e9, Costa Rica<\/strong><\/p>\n<p>Fecha L\u00edmite: 21 Sept 2025<\/p>\n<p><a href=\"https:\/\/www.unoosa.org\/oosa\/en\/ourwork\/psa\/schedule\/2026\/united-nations-costa-rica-workshop-2026.html\" target=\"_blank\" rel=\"noopener\">Mas Informaci\u00f3n...<\/a><\/p>\n<\/div><\/div><\/div><\/div><\/div>","protected":false},"excerpt":{"rendered":"<p>16 &#8211; 20 de febrero de 2026 San Jos\u00e9, Costa Rica Fecha L\u00edmite: 21 Sept 2025 Mas Informaci\u00f3n&#8230;<\/p>\n","protected":false},"author":123507,"featured_media":2077,"comment_status":"closed","ping_status":"closed","sticky":false,"template":"","format":"standard","meta":{"_EventAllDay":false,"_EventTimezone":"","_EventStartDate":"","_EventEndDate":"","_EventStartDateUTC":"","_EventEndDateUTC":"","_EventShowMap":false,"_EventShowMapLink":false,"_EventURL":"","_EventCost":"","_EventCostDescription":"","_EventCurrencySymbol":"","_EventCurrencyCode":"","_EventCurrencyPosition":"","_EventDateTimeSeparator":"","_EventTimeRangeSeparator":"","_EventOrganizerID":[],"_EventVenueID":0,"_OrganizerEmail":"","_OrganizerPhone":"","_OrganizerWebsite":"","_VenueAddress":"","_VenueCity":"","_VenueCountry":"","_VenueProvince":"","_VenueZip":"","_VenuePhone":"","_VenueURL":"","_VenueStateProvince":"","_VenueLat":"","_VenueLng":""},"categories":[4],"tags":[],"_links":{"self":[{"href":"https:\/\/www.facet.unt.edu.ar\/cyt\/wp-json\/wp\/v2\/posts\/2076"}],"collection":[{"href":"https:\/\/www.facet.unt.edu.ar\/cyt\/wp-json\/wp\/v2\/posts"}],"about":[{"href":"https:\/\/www.facet.unt.edu.ar\/cyt\/wp-json\/wp\/v2\/types\/post"}],"author":[{"embeddable":true,"href":"https:\/\/www.facet.unt.edu.ar\/cyt\/wp-json\/wp\/v2\/users\/123507"}],"replies":[{"embeddable":true,"href":"https:\/\/www.facet.unt.edu.ar\/cyt\/wp-json\/wp\/v2\/comments?post=2076"}],"version-history":[{"count":13,"href":"https:\/\/www.facet.unt.edu.ar\/cyt\/wp-json\/wp\/v2\/posts\/2076\/revisions"}],"predecessor-version":[{"id":2090,"href":"https:\/\/www.facet.unt.edu.ar\/cyt\/wp-json\/wp\/v2\/posts\/2076\/revisions\/2090"}],"wp:featuredmedia":[{"embeddable":true,"href":"https:\/\/www.facet.unt.edu.ar\/cyt\/wp-json\/wp\/v2\/media\/2077"}],"wp:attachment":[{"href":"https:\/\/www.facet.unt.edu.ar\/cyt\/wp-json\/wp\/v2\/media?parent=2076"}],"wp:term":[{"taxonomy":"category","embeddable":true,"href":"https:\/\/www.facet.unt.edu.ar\/cyt\/wp-json\/wp\/v2\/categories?post=2076"},{"taxonomy":"post_tag","embeddable":true,"href":"https:\/\/www.facet.unt.edu.ar\/cyt\/wp-json\/wp\/v2\/tags?post=2076"}],"curies":[{"name":"wp","href":"https:\/\/api.w.org\/{rel}","templated":true}]}}