{"id":358,"date":"2023-03-31T18:25:01","date_gmt":"2023-03-31T21:25:01","guid":{"rendered":"https:\/\/www.facet.unt.edu.ar\/cyt\/?p=358"},"modified":"2023-03-31T18:25:02","modified_gmt":"2023-03-31T21:25:02","slug":"comunicado-prorroga-de-incentivos-2021","status":"publish","type":"post","link":"https:\/\/www.facet.unt.edu.ar\/cyt\/2023\/03\/31\/comunicado-prorroga-de-incentivos-2021\/","title":{"rendered":"Comunicado | Pr\u00f3rroga de Incentivos 2021"},"content":{"rendered":"<div id=\"pl-358\"  class=\"panel-layout\" ><div id=\"pg-358-0\"  class=\"panel-grid panel-no-style\" ><div id=\"pgc-358-0-0\"  class=\"panel-grid-cell\" ><div id=\"panel-358-0-0-0\" class=\"so-panel widget widget_black-studio-tinymce widget_black_studio_tinymce panel-first-child panel-last-child\" data-index=\"0\" ><div class=\"textwidget\"><p><a href=\"https:\/\/www.facet.unt.edu.ar\/cyt\/wp-content\/uploads\/sites\/76\/2023\/03\/PRORROGA-INCENTIVOS-2021.png\"><img class=\"aligncenter size-full wp-image-359\" src=\"https:\/\/www.facet.unt.edu.ar\/cyt\/wp-content\/uploads\/sites\/76\/2023\/03\/PRORROGA-INCENTIVOS-2021.png\" alt=\"\" width=\"1300\" height=\"1300\" \/><\/a><\/p>\n<\/div><\/div><\/div><div id=\"pgc-358-0-1\"  class=\"panel-grid-cell\" ><div id=\"panel-358-0-1-0\" class=\"so-panel widget widget_sow-editor panel-first-child panel-last-child\" data-index=\"1\" ><div\n\t\t\t\n\t\t\tclass=\"so-widget-sow-editor so-widget-sow-editor-base\"\n\t\t\t\n\t\t>\n<div class=\"siteorigin-widget-tinymce textwidget\">\n\t<p class=\"gmail-selectable-text gmail-copyable-text gmail-iq0m558w\" dir=\"ltr\" style=\"text-align: justify;\">Desde el Ministerio de Educaci\u00f3n de la Naci\u00f3n se comunica a los docentes-investigadores que se otorg\u00f3 una pr\u00f3rroga para la carga de la solicitud.<\/p>\n<p class=\"gmail-selectable-text gmail-copyable-text gmail-iq0m558w\" dir=\"ltr\" style=\"text-align: justify;\">Las nuevas fechas l\u00edmite son:<\/p>\n<blockquote class=\"gmail_quote\"><p><span class=\"gmail-selectable-text gmail-copyable-text\"><i>Paso 1<\/i>\u00a0- Formulario del Ministerio:\u00a0<b>7 de Abril<br \/><\/b><\/span><span class=\"gmail-selectable-text gmail-copyable-text\"><i>Paso 2\u00a0<\/i>- Formulario SCAIT:<b>\u00a030 de Abril<\/b><\/span><\/p><\/blockquote>\n<p class=\"gmail-selectable-text gmail-copyable-text gmail-iq0m558w\" dir=\"ltr\" style=\"text-align: justify;\">A quienes no hayan realizado a\u00fan el tr\u00e1mite o alguna parte de \u00e9l, encontrar\u00e1n un video tutorial y las instrucciones detalladas en: <a href=\"http:\/\/scait.ct.unt.edu.ar\/solicitud-de-incentivos-2021\/\" target=\"_blank\" rel=\"noopener\">http:\/\/scait.ct.unt.edu.ar\/solicitud-de-incentivos-2021\/<\/a><\/p>\n<\/div>\n<\/div><\/div><\/div><\/div><\/div>","protected":false},"excerpt":{"rendered":"<p>Desde el Ministerio de Educaci\u00f3n de la Naci\u00f3n se comunica a los docentes-investigadores que se otorg\u00f3 una pr\u00f3rroga para la carga de la solicitud.Las nuevas fechas l\u00edmite son:Paso 1\u00a0&#8211; Formulario del Ministerio:\u00a07 de AbrilPaso 2\u00a0&#8211; Formulario SCAIT:\u00a030 de AbrilA quienes no hayan realizado a\u00fan el tr\u00e1mite o alguna parte de \u00e9l, encontrar\u00e1n un video tutorial [&hellip;]<\/p>\n","protected":false},"author":6,"featured_media":359,"comment_status":"closed","ping_status":"closed","sticky":false,"template":"","format":"standard","meta":{"_EventAllDay":false,"_EventTimezone":"","_EventStartDate":"","_EventEndDate":"","_EventStartDateUTC":"","_EventEndDateUTC":"","_EventShowMap":false,"_EventShowMapLink":false,"_EventURL":"","_EventCost":"","_EventCostDescription":"","_EventCurrencySymbol":"","_EventCurrencyCode":"","_EventCurrencyPosition":"","_EventDateTimeSeparator":"","_EventTimeRangeSeparator":"","_EventOrganizerID":[],"_EventVenueID":0,"_OrganizerEmail":"","_OrganizerPhone":"","_OrganizerWebsite":"","_VenueAddress":"","_VenueCity":"","_VenueCountry":"","_VenueProvince":"","_VenueZip":"","_VenuePhone":"","_VenueURL":"","_VenueStateProvince":"","_VenueLat":"","_VenueLng":""},"categories":[4],"tags":[],"_links":{"self":[{"href":"https:\/\/www.facet.unt.edu.ar\/cyt\/wp-json\/wp\/v2\/posts\/358"}],"collection":[{"href":"https:\/\/www.facet.unt.edu.ar\/cyt\/wp-json\/wp\/v2\/posts"}],"about":[{"href":"https:\/\/www.facet.unt.edu.ar\/cyt\/wp-json\/wp\/v2\/types\/post"}],"author":[{"embeddable":true,"href":"https:\/\/www.facet.unt.edu.ar\/cyt\/wp-json\/wp\/v2\/users\/6"}],"replies":[{"embeddable":true,"href":"https:\/\/www.facet.unt.edu.ar\/cyt\/wp-json\/wp\/v2\/comments?post=358"}],"version-history":[{"count":2,"href":"https:\/\/www.facet.unt.edu.ar\/cyt\/wp-json\/wp\/v2\/posts\/358\/revisions"}],"predecessor-version":[{"id":361,"href":"https:\/\/www.facet.unt.edu.ar\/cyt\/wp-json\/wp\/v2\/posts\/358\/revisions\/361"}],"wp:featuredmedia":[{"embeddable":true,"href":"https:\/\/www.facet.unt.edu.ar\/cyt\/wp-json\/wp\/v2\/media\/359"}],"wp:attachment":[{"href":"https:\/\/www.facet.unt.edu.ar\/cyt\/wp-json\/wp\/v2\/media?parent=358"}],"wp:term":[{"taxonomy":"category","embeddable":true,"href":"https:\/\/www.facet.unt.edu.ar\/cyt\/wp-json\/wp\/v2\/categories?post=358"},{"taxonomy":"post_tag","embeddable":true,"href":"https:\/\/www.facet.unt.edu.ar\/cyt\/wp-json\/wp\/v2\/tags?post=358"}],"curies":[{"name":"wp","href":"https:\/\/api.w.org\/{rel}","templated":true}]}}