{"id":1831,"date":"2019-05-22T23:15:43","date_gmt":"2019-05-23T02:15:43","guid":{"rendered":"https:\/\/www.facet.unt.edu.ar\/dpto-cs-comp\/?p=1831"},"modified":"2019-06-29T23:27:23","modified_gmt":"2019-06-30T02:27:23","slug":"1831","status":"publish","type":"post","link":"https:\/\/www.facet.unt.edu.ar\/dpto-cs-comp\/2019\/05\/22\/1831\/","title":{"rendered":""},"content":{"rendered":"<h2>Ganadora de Beca en el ICTP<\/h2>\n<p>La Dra. en Ciencias Exactas &#8211; Lic. en Inform\u00e1tica <strong>Graciela Molina<\/strong> del Laboratorio de Telecomunicaciones de la FACET, docente de <a href=\"https:\/\/www.facebook.com\/estudiainformaticaunt\/\">Licenciatura en Inform\u00e1tica<\/a> y Directora del <a href=\"https:\/\/www.facebook.com\/Labcc-965949713452611\/\">Laboratorio de Computaci\u00f3n Cient\u00edfica<\/a> (LabCC) , <strong>gan\u00f3 una Beca<\/strong> para capacitarse en la tem\u00e1tica de &#8220;<strong>Comunicaciones satelitales<\/strong>&#8220;, en el prestigioso <strong>Centro Internacional de F\u00edsica Te\u00f3rica &#8211; ICTP<\/strong> (<a href=\"https:\/\/www.ictp.it\/\">International Centre for Theoretical Physics<\/a>), en su sede central en <strong>Italia<\/strong>.<br \/>\nEn este video nos cuentan sobre el trabajo que vienen realizando en nuestra Facultad.<\/p>\n<p>Felicidades Graciela! Un orgullo para nuestro Departamento!<\/p>\n<p><iframe loading=\"lazy\" style=\"border: none; overflow: hidden;\" src=\"https:\/\/www.facebook.com\/plugins\/video.php?href=https%3A%2F%2Fwww.facebook.com%2Ffacet.unt%2Fvideos%2F2331984663511046%2F&amp;show_text=0&amp;width=560\" width=\"560\" height=\"315\" frameborder=\"0\" scrolling=\"no\" allowfullscreen=\"allowfullscreen\"><\/iframe><\/p>\n","protected":false},"excerpt":{"rendered":"<p>Ganadora de Beca en el ICTP La Dra. en Ciencias Exactas &#8211; Lic. en Inform\u00e1tica Graciela Molina del Laboratorio de Telecomunicaciones de la FACET, docente de Licenciatura en Inform\u00e1tica y Directora del Laboratorio de Computaci\u00f3n Cient\u00edfica (LabCC) , gan\u00f3 una Beca para capacitarse en la tem\u00e1tica de &#8220;Comunicaciones satelitales&#8220;, en el prestigioso Centro Internacional de [&hellip;]<\/p>\n","protected":false},"author":23,"featured_media":0,"comment_status":"closed","ping_status":"closed","sticky":false,"template":"","format":"standard","meta":[],"categories":[8],"tags":[],"_links":{"self":[{"href":"https:\/\/www.facet.unt.edu.ar\/dpto-cs-comp\/wp-json\/wp\/v2\/posts\/1831"}],"collection":[{"href":"https:\/\/www.facet.unt.edu.ar\/dpto-cs-comp\/wp-json\/wp\/v2\/posts"}],"about":[{"href":"https:\/\/www.facet.unt.edu.ar\/dpto-cs-comp\/wp-json\/wp\/v2\/types\/post"}],"author":[{"embeddable":true,"href":"https:\/\/www.facet.unt.edu.ar\/dpto-cs-comp\/wp-json\/wp\/v2\/users\/23"}],"replies":[{"embeddable":true,"href":"https:\/\/www.facet.unt.edu.ar\/dpto-cs-comp\/wp-json\/wp\/v2\/comments?post=1831"}],"version-history":[{"count":2,"href":"https:\/\/www.facet.unt.edu.ar\/dpto-cs-comp\/wp-json\/wp\/v2\/posts\/1831\/revisions"}],"predecessor-version":[{"id":1833,"href":"https:\/\/www.facet.unt.edu.ar\/dpto-cs-comp\/wp-json\/wp\/v2\/posts\/1831\/revisions\/1833"}],"wp:attachment":[{"href":"https:\/\/www.facet.unt.edu.ar\/dpto-cs-comp\/wp-json\/wp\/v2\/media?parent=1831"}],"wp:term":[{"taxonomy":"category","embeddable":true,"href":"https:\/\/www.facet.unt.edu.ar\/dpto-cs-comp\/wp-json\/wp\/v2\/categories?post=1831"},{"taxonomy":"post_tag","embeddable":true,"href":"https:\/\/www.facet.unt.edu.ar\/dpto-cs-comp\/wp-json\/wp\/v2\/tags?post=1831"}],"curies":[{"name":"wp","href":"https:\/\/api.w.org\/{rel}","templated":true}]}}