{"id":1927,"date":"2020-01-29T02:53:11","date_gmt":"2020-01-29T05:53:11","guid":{"rendered":"https:\/\/www.facet.unt.edu.ar\/dpto-cs-comp\/?p=1927"},"modified":"2020-01-29T02:53:11","modified_gmt":"2020-01-29T05:53:11","slug":"calendario-academico-2020","status":"publish","type":"post","link":"https:\/\/www.facet.unt.edu.ar\/dpto-cs-comp\/2020\/01\/29\/calendario-academico-2020\/","title":{"rendered":"Calendario Acad\u00e9mico 2020"},"content":{"rendered":"<h2>Calendario Acad\u00e9mico 2020 y D\u00edas no laborables<\/h2>\n<p><a href=\"https:\/\/www.facet.unt.edu.ar\/dpto-cs-comp\/wp-content\/uploads\/sites\/29\/2020\/01\/Res_1985_19.pdf\">Descargar Calendario 2020 (Res_1985_19)<\/a><\/p>\n<p><a href=\"https:\/\/www.facet.unt.edu.ar\/dpto-cs-comp\/wp-content\/uploads\/sites\/29\/2020\/01\/Res.-2.361-19-Calendario-Academico-2020.pdf\">Descargar Resol. d\u00edas no laborables (Res.-2.361-19)<\/a><\/p>\n<h3>Extracto del calendario 2020:<\/h3>\n<h4>Primer Cuatrimestre:<\/h4>\n<table style=\"border-collapse: collapse; width: 100%;\">\n<tbody>\n<tr>\n<td style=\"width: 50%;\">Lunes 16\/03\/2020<\/td>\n<td style=\"width: 50%;\">Inicio de clase del Primer cuatrinestre<\/td>\n<\/tr>\n<tr>\n<td style=\"width: 50%;\">Viernes 20\/03\/2020 al Martes 31\/03\/2020<\/td>\n<td style=\"width: 50%;\">Per\u00edodo de Inscripci\u00f3n asignaturas primer cuatrimestre 2020 y materias anuales<\/td>\n<\/tr>\n<tr>\n<td style=\"width: 50%;\">S\u00e1bado 02\/05\/2020 a S\u00e1bado 09\/05\/2020<\/td>\n<td style=\"width: 50%;\">1er. Parcial para el 1\u00ba y 2\u00ba a\u00f1o del CBI<\/td>\n<\/tr>\n<tr>\n<td style=\"width: 50%;\">Lunes 22\/06\/2020\u00a0 S\u00e1bado 27\/06\/2020<\/td>\n<td style=\"width: 50%;\">2do. Parcial para el 1\u00ba y 2\u00ba a\u00f1o del CBI<\/td>\n<\/tr>\n<tr>\n<td style=\"width: 50%;\">Viernes 03\/07\/2020<\/td>\n<td style=\"width: 50%;\">Finalizaci\u00f3n de clases primer cuatrimestre de 2020<\/td>\n<\/tr>\n<\/tbody>\n<\/table>\n<p>RECESO INVERNAL 06\/07\/2020 AL 17\/07\/2020<\/p>\n<table style=\"border-collapse: collapse; width: 100%;\">\n<tbody>\n<tr>\n<td style=\"width: 50%;\">Viernes 26\/06\/2020 a Viernes 31\/07\/2020<\/td>\n<td style=\"width: 50%;\">Asentar regularidades y promociones del primer cuatrimestre de 2020<\/td>\n<\/tr>\n<\/tbody>\n<\/table>\n<p>(Mesas de finales y otras fechas en el calendario para descargar)<\/p>\n","protected":false},"excerpt":{"rendered":"<p>Calendario Acad\u00e9mico 2020 y D\u00edas no laborables Descargar Calendario 2020 (Res_1985_19) Descargar Resol. d\u00edas no laborables (Res.-2.361-19) Extracto del calendario 2020: Primer Cuatrimestre: Lunes 16\/03\/2020 Inicio de clase del Primer cuatrinestre Viernes 20\/03\/2020 al Martes 31\/03\/2020 Per\u00edodo de Inscripci\u00f3n asignaturas primer cuatrimestre 2020 y materias anuales S\u00e1bado 02\/05\/2020 a S\u00e1bado 09\/05\/2020 1er. Parcial para el [&hellip;]<\/p>\n","protected":false},"author":23,"featured_media":0,"comment_status":"closed","ping_status":"closed","sticky":false,"template":"","format":"standard","meta":[],"categories":[13],"tags":[],"_links":{"self":[{"href":"https:\/\/www.facet.unt.edu.ar\/dpto-cs-comp\/wp-json\/wp\/v2\/posts\/1927"}],"collection":[{"href":"https:\/\/www.facet.unt.edu.ar\/dpto-cs-comp\/wp-json\/wp\/v2\/posts"}],"about":[{"href":"https:\/\/www.facet.unt.edu.ar\/dpto-cs-comp\/wp-json\/wp\/v2\/types\/post"}],"author":[{"embeddable":true,"href":"https:\/\/www.facet.unt.edu.ar\/dpto-cs-comp\/wp-json\/wp\/v2\/users\/23"}],"replies":[{"embeddable":true,"href":"https:\/\/www.facet.unt.edu.ar\/dpto-cs-comp\/wp-json\/wp\/v2\/comments?post=1927"}],"version-history":[{"count":1,"href":"https:\/\/www.facet.unt.edu.ar\/dpto-cs-comp\/wp-json\/wp\/v2\/posts\/1927\/revisions"}],"predecessor-version":[{"id":1930,"href":"https:\/\/www.facet.unt.edu.ar\/dpto-cs-comp\/wp-json\/wp\/v2\/posts\/1927\/revisions\/1930"}],"wp:attachment":[{"href":"https:\/\/www.facet.unt.edu.ar\/dpto-cs-comp\/wp-json\/wp\/v2\/media?parent=1927"}],"wp:term":[{"taxonomy":"category","embeddable":true,"href":"https:\/\/www.facet.unt.edu.ar\/dpto-cs-comp\/wp-json\/wp\/v2\/categories?post=1927"},{"taxonomy":"post_tag","embeddable":true,"href":"https:\/\/www.facet.unt.edu.ar\/dpto-cs-comp\/wp-json\/wp\/v2\/tags?post=1927"}],"curies":[{"name":"wp","href":"https:\/\/api.w.org\/{rel}","templated":true}]}}