{"id":2134,"date":"2020-08-10T23:32:44","date_gmt":"2020-08-11T02:32:44","guid":{"rendered":"https:\/\/www.facet.unt.edu.ar\/dpto-cs-comp\/?p=2134"},"modified":"2020-08-10T23:38:10","modified_gmt":"2020-08-11T02:38:10","slug":"ingenieria-en-informatica","status":"publish","type":"post","link":"https:\/\/www.facet.unt.edu.ar\/dpto-cs-comp\/2020\/08\/10\/ingenieria-en-informatica\/","title":{"rendered":"Ingenier\u00eda en Inform\u00e1tica"},"content":{"rendered":"<h2>La FACET lanza la carrera de &#8220;Ingenier\u00eda en Inform\u00e1tica&#8221; como una nueva propuesta educativa<\/h2>\n<p>Una nueva carrera se implementar\u00e1 en ciclo lectivo 2021 en la Facultad de Ciencias Exactas y Tecnolog\u00eda (FACET) de la UNT. Se trata de la carrera de grado de <strong>\u201cIngenier\u00eda en Inform\u00e1tica\u201d<\/strong>, que tendr\u00e1 una duraci\u00f3n de cinco 5 a\u00f1os.<\/p>\n<p>+info: <a href=\"https:\/\/www.facet.unt.edu.ar\/ingenieriainformatica\/\">https:\/\/www.facet.unt.edu.ar\/ingenieriainformatica\/<\/a><\/p>\n<p><a href=\"https:\/\/www.facet.unt.edu.ar\/dpto-cs-comp\/wp-content\/uploads\/sites\/29\/2020\/08\/gr\u00e1fica-difusi\u00f3n-1.jpeg\"><img decoding=\"async\" loading=\"lazy\" class=\"alignnone size-full wp-image-2138\" src=\"https:\/\/www.facet.unt.edu.ar\/dpto-cs-comp\/wp-content\/uploads\/sites\/29\/2020\/08\/gr\u00e1fica-difusi\u00f3n-1.jpeg\" alt=\"Ingenier\u00eda en Inform\u00e1tica\" width=\"1280\" height=\"720\" srcset=\"https:\/\/www.facet.unt.edu.ar\/dpto-cs-comp\/wp-content\/uploads\/sites\/29\/2020\/08\/gr\u00e1fica-difusi\u00f3n-1.jpeg 1280w, https:\/\/www.facet.unt.edu.ar\/dpto-cs-comp\/wp-content\/uploads\/sites\/29\/2020\/08\/gr\u00e1fica-difusi\u00f3n-1-300x169.jpeg 300w, https:\/\/www.facet.unt.edu.ar\/dpto-cs-comp\/wp-content\/uploads\/sites\/29\/2020\/08\/gr\u00e1fica-difusi\u00f3n-1-1024x576.jpeg 1024w, https:\/\/www.facet.unt.edu.ar\/dpto-cs-comp\/wp-content\/uploads\/sites\/29\/2020\/08\/gr\u00e1fica-difusi\u00f3n-1-768x432.jpeg 768w\" sizes=\"(max-width: 1280px) 100vw, 1280px\" \/><\/a><\/p>\n","protected":false},"excerpt":{"rendered":"<p>La FACET lanza la carrera de &#8220;Ingenier\u00eda en Inform\u00e1tica&#8221; como una nueva propuesta educativa Una nueva carrera se implementar\u00e1 en ciclo lectivo 2021 en la Facultad de Ciencias Exactas y Tecnolog\u00eda (FACET) de la UNT. Se trata de la carrera de grado de \u201cIngenier\u00eda en Inform\u00e1tica\u201d, que tendr\u00e1 una duraci\u00f3n de cinco 5 a\u00f1os. +info: [&hellip;]<\/p>\n","protected":false},"author":101021,"featured_media":0,"comment_status":"closed","ping_status":"closed","sticky":false,"template":"","format":"standard","meta":[],"categories":[13],"tags":[],"_links":{"self":[{"href":"https:\/\/www.facet.unt.edu.ar\/dpto-cs-comp\/wp-json\/wp\/v2\/posts\/2134"}],"collection":[{"href":"https:\/\/www.facet.unt.edu.ar\/dpto-cs-comp\/wp-json\/wp\/v2\/posts"}],"about":[{"href":"https:\/\/www.facet.unt.edu.ar\/dpto-cs-comp\/wp-json\/wp\/v2\/types\/post"}],"author":[{"embeddable":true,"href":"https:\/\/www.facet.unt.edu.ar\/dpto-cs-comp\/wp-json\/wp\/v2\/users\/101021"}],"replies":[{"embeddable":true,"href":"https:\/\/www.facet.unt.edu.ar\/dpto-cs-comp\/wp-json\/wp\/v2\/comments?post=2134"}],"version-history":[{"count":3,"href":"https:\/\/www.facet.unt.edu.ar\/dpto-cs-comp\/wp-json\/wp\/v2\/posts\/2134\/revisions"}],"predecessor-version":[{"id":2139,"href":"https:\/\/www.facet.unt.edu.ar\/dpto-cs-comp\/wp-json\/wp\/v2\/posts\/2134\/revisions\/2139"}],"wp:attachment":[{"href":"https:\/\/www.facet.unt.edu.ar\/dpto-cs-comp\/wp-json\/wp\/v2\/media?parent=2134"}],"wp:term":[{"taxonomy":"category","embeddable":true,"href":"https:\/\/www.facet.unt.edu.ar\/dpto-cs-comp\/wp-json\/wp\/v2\/categories?post=2134"},{"taxonomy":"post_tag","embeddable":true,"href":"https:\/\/www.facet.unt.edu.ar\/dpto-cs-comp\/wp-json\/wp\/v2\/tags?post=2134"}],"curies":[{"name":"wp","href":"https:\/\/api.w.org\/{rel}","templated":true}]}}