{"id":2161,"date":"2020-10-21T14:59:20","date_gmt":"2020-10-21T17:59:20","guid":{"rendered":"https:\/\/www.facet.unt.edu.ar\/dpto-cs-comp\/?p=2161"},"modified":"2020-10-21T14:59:20","modified_gmt":"2020-10-21T17:59:20","slug":"ultima-instancia-de-este-ano-para-la-nivelacion-para-el-cursado-2021","status":"publish","type":"post","link":"https:\/\/www.facet.unt.edu.ar\/dpto-cs-comp\/2020\/10\/21\/ultima-instancia-de-este-ano-para-la-nivelacion-para-el-cursado-2021\/","title":{"rendered":"\u00daltima instancia de este a\u00f1o para la Nivelaci\u00f3n para el cursado 2021"},"content":{"rendered":"<h3>Inscripci\u00f3n al cursillo de Nivelaci\u00f3n para el cursado 2021<\/h3>\n<p><a href=\"https:\/\/www.facet.unt.edu.ar\/ingreso-facet\/\"><img decoding=\"async\" loading=\"lazy\" class=\"wp-image-2162 alignleft\" src=\"https:\/\/www.facet.unt.edu.ar\/dpto-cs-comp\/wp-content\/uploads\/sites\/29\/2020\/10\/logo-ingreso-2019.png\" alt=\"Logo \u00c1rea de Ingreso\" width=\"395\" height=\"110\" srcset=\"https:\/\/www.facet.unt.edu.ar\/dpto-cs-comp\/wp-content\/uploads\/sites\/29\/2020\/10\/logo-ingreso-2019.png 1355w, https:\/\/www.facet.unt.edu.ar\/dpto-cs-comp\/wp-content\/uploads\/sites\/29\/2020\/10\/logo-ingreso-2019-300x84.png 300w, https:\/\/www.facet.unt.edu.ar\/dpto-cs-comp\/wp-content\/uploads\/sites\/29\/2020\/10\/logo-ingreso-2019-1024x286.png 1024w, https:\/\/www.facet.unt.edu.ar\/dpto-cs-comp\/wp-content\/uploads\/sites\/29\/2020\/10\/logo-ingreso-2019-768x214.png 768w\" sizes=\"(max-width: 395px) 100vw, 395px\" \/><\/a><\/p>\n<p>Se abre una nueva instancia del Cursillo de Nivelaci\u00f3n en Matem\u00e1tica, para poder cursar en 2021.<\/p>\n<p dir=\"ltr\"><strong>Inscripciones<\/strong>\u00a0(obligatorias):\u00a0<strong>desde el d\u00eda 15 de octubre de 2020 hasta el 30 de octubre de 2020 a las 23.59 hs.\u00a0<\/strong><\/p>\n<p dir=\"ltr\"><strong>Inicio del curso<\/strong>: 3 de noviembre de 2020.<\/p>\n<p dir=\"ltr\"><strong>Finalizaci\u00f3n<\/strong>: 21 de diciembre de 2020.<\/p>\n<p dir=\"ltr\"><strong>Modalidad<\/strong>: Virtual. El cursado se realiza con Aula Virtual + Clases por videoconferencias.<\/p>\n<p dir=\"ltr\"><strong>Horarios<\/strong>: Turno ma\u00f1ana, turno siesta y turno tarde para participar de clases en vivo mediante videoconferencias. Se eligen al momento de la inscripci\u00f3n.<\/p>\n<p>+Info y formulario de inscripci\u00f3n: <a href=\"https:\/\/www.facet.unt.edu.ar\/ingreso-facet\/\">https:\/\/www.facet.unt.edu.ar\/ingreso-facet\/<\/a><\/p>\n<p>&nbsp;<\/p>\n","protected":false},"excerpt":{"rendered":"<p>Inscripci\u00f3n al cursillo de Nivelaci\u00f3n para el cursado 2021 Se abre una nueva instancia del Cursillo de Nivelaci\u00f3n en Matem\u00e1tica, para poder cursar en 2021. Inscripciones\u00a0(obligatorias):\u00a0desde el d\u00eda 15 de octubre de 2020 hasta el 30 de octubre de 2020 a las 23.59 hs.\u00a0 Inicio del curso: 3 de noviembre de 2020. Finalizaci\u00f3n: 21 de [&hellip;]<\/p>\n","protected":false},"author":101021,"featured_media":0,"comment_status":"closed","ping_status":"closed","sticky":false,"template":"","format":"standard","meta":[],"categories":[13],"tags":[],"_links":{"self":[{"href":"https:\/\/www.facet.unt.edu.ar\/dpto-cs-comp\/wp-json\/wp\/v2\/posts\/2161"}],"collection":[{"href":"https:\/\/www.facet.unt.edu.ar\/dpto-cs-comp\/wp-json\/wp\/v2\/posts"}],"about":[{"href":"https:\/\/www.facet.unt.edu.ar\/dpto-cs-comp\/wp-json\/wp\/v2\/types\/post"}],"author":[{"embeddable":true,"href":"https:\/\/www.facet.unt.edu.ar\/dpto-cs-comp\/wp-json\/wp\/v2\/users\/101021"}],"replies":[{"embeddable":true,"href":"https:\/\/www.facet.unt.edu.ar\/dpto-cs-comp\/wp-json\/wp\/v2\/comments?post=2161"}],"version-history":[{"count":1,"href":"https:\/\/www.facet.unt.edu.ar\/dpto-cs-comp\/wp-json\/wp\/v2\/posts\/2161\/revisions"}],"predecessor-version":[{"id":2163,"href":"https:\/\/www.facet.unt.edu.ar\/dpto-cs-comp\/wp-json\/wp\/v2\/posts\/2161\/revisions\/2163"}],"wp:attachment":[{"href":"https:\/\/www.facet.unt.edu.ar\/dpto-cs-comp\/wp-json\/wp\/v2\/media?parent=2161"}],"wp:term":[{"taxonomy":"category","embeddable":true,"href":"https:\/\/www.facet.unt.edu.ar\/dpto-cs-comp\/wp-json\/wp\/v2\/categories?post=2161"},{"taxonomy":"post_tag","embeddable":true,"href":"https:\/\/www.facet.unt.edu.ar\/dpto-cs-comp\/wp-json\/wp\/v2\/tags?post=2161"}],"curies":[{"name":"wp","href":"https:\/\/api.w.org\/{rel}","templated":true}]}}