{"id":2329,"date":"2021-08-24T18:17:06","date_gmt":"2021-08-24T21:17:06","guid":{"rendered":"https:\/\/www.facet.unt.edu.ar\/dpto-cs-comp\/?p=2329"},"modified":"2021-08-24T18:17:24","modified_gmt":"2021-08-24T21:17:24","slug":"ecifacet-2021","status":"publish","type":"post","link":"https:\/\/www.facet.unt.edu.ar\/dpto-cs-comp\/2021\/08\/24\/ecifacet-2021\/","title":{"rendered":"ECIFACET 2021"},"content":{"rendered":"<h2>Encuentro Cient\u00edfico de Investigadores de la FACET &#8211; ECIFACET<\/h2>\n<p><a href=\"https:\/\/www.facet.unt.edu.ar\/dpto-cs-comp\/wp-content\/uploads\/sites\/29\/2021\/08\/ecifacet.jpg\"><img decoding=\"async\" loading=\"lazy\" class=\"alignnone size-full wp-image-2330\" src=\"https:\/\/www.facet.unt.edu.ar\/dpto-cs-comp\/wp-content\/uploads\/sites\/29\/2021\/08\/ecifacet.jpg\" alt=\"\" width=\"1297\" height=\"301\" \/><\/a><\/p>\n<p>Del<strong> 23 al 27 de Agosto de 2021<\/strong>, se desarrollar\u00e1 en <strong>modalidad virtual<\/strong> el &#8220;Encuentro Cient\u00edfico de Investigadores de la FACET &#8211; ECIFACET&#8221;.<\/p>\n<p>ECIFACET tiene como objetivo general difundir los resultados de los trabajos de investigaci\u00f3n cient\u00edficos y desarrollos tecnol\u00f3gicos que realizan los grupos de investigaci\u00f3n, docentes, investigadores, alumnos de postgrado y grado de la FACET.<\/p>\n<p>El encuentro, libre y gratuito, est\u00e1 dirigido a grupos de investigaci\u00f3n, docentes, investigadores, alumnos de posgrado y grado, no docentes y a toda la comunidad en general.<\/p>\n<p><strong>Organizan<\/strong>:<\/p>\n<p>Departamento de Ciencia y T\u00e9cnica de la FACET, integrado por su Director y Consejo ASESOR, con la participaci\u00f3n de Autoridades, la Secretar\u00eda de Gesti\u00f3n y Extensi\u00f3n y el personal del \u00c1rea de Comunicaci\u00f3n de la FACET.<\/p>\n<p><strong>Cronograma, c\u00f3mo asistir y m\u00e1s informaci\u00f3n:<\/strong> <a href=\"https:\/\/www.facet.unt.edu.ar\/ecifacet\/\">https:\/\/www.facet.unt.edu.ar\/ecifacet\/<\/a><\/p>\n<p>&nbsp;<\/p>\n","protected":false},"excerpt":{"rendered":"<p>Encuentro Cient\u00edfico de Investigadores de la FACET &#8211; ECIFACET Del 23 al 27 de Agosto de 2021, se desarrollar\u00e1 en modalidad virtual el &#8220;Encuentro Cient\u00edfico de Investigadores de la FACET &#8211; ECIFACET&#8221;. ECIFACET tiene como objetivo general difundir los resultados de los trabajos de investigaci\u00f3n cient\u00edficos y desarrollos tecnol\u00f3gicos que realizan los grupos de investigaci\u00f3n, [&hellip;]<\/p>\n","protected":false},"author":101021,"featured_media":0,"comment_status":"closed","ping_status":"closed","sticky":false,"template":"","format":"standard","meta":[],"categories":[34],"tags":[],"_links":{"self":[{"href":"https:\/\/www.facet.unt.edu.ar\/dpto-cs-comp\/wp-json\/wp\/v2\/posts\/2329"}],"collection":[{"href":"https:\/\/www.facet.unt.edu.ar\/dpto-cs-comp\/wp-json\/wp\/v2\/posts"}],"about":[{"href":"https:\/\/www.facet.unt.edu.ar\/dpto-cs-comp\/wp-json\/wp\/v2\/types\/post"}],"author":[{"embeddable":true,"href":"https:\/\/www.facet.unt.edu.ar\/dpto-cs-comp\/wp-json\/wp\/v2\/users\/101021"}],"replies":[{"embeddable":true,"href":"https:\/\/www.facet.unt.edu.ar\/dpto-cs-comp\/wp-json\/wp\/v2\/comments?post=2329"}],"version-history":[{"count":1,"href":"https:\/\/www.facet.unt.edu.ar\/dpto-cs-comp\/wp-json\/wp\/v2\/posts\/2329\/revisions"}],"predecessor-version":[{"id":2331,"href":"https:\/\/www.facet.unt.edu.ar\/dpto-cs-comp\/wp-json\/wp\/v2\/posts\/2329\/revisions\/2331"}],"wp:attachment":[{"href":"https:\/\/www.facet.unt.edu.ar\/dpto-cs-comp\/wp-json\/wp\/v2\/media?parent=2329"}],"wp:term":[{"taxonomy":"category","embeddable":true,"href":"https:\/\/www.facet.unt.edu.ar\/dpto-cs-comp\/wp-json\/wp\/v2\/categories?post=2329"},{"taxonomy":"post_tag","embeddable":true,"href":"https:\/\/www.facet.unt.edu.ar\/dpto-cs-comp\/wp-json\/wp\/v2\/tags?post=2329"}],"curies":[{"name":"wp","href":"https:\/\/api.w.org\/{rel}","templated":true}]}}