{"id":3272,"date":"2023-11-28T15:35:38","date_gmt":"2023-11-28T18:35:38","guid":{"rendered":"https:\/\/www.facet.unt.edu.ar\/dpto-cs-comp\/?p=3272"},"modified":"2023-11-28T15:36:47","modified_gmt":"2023-11-28T18:36:47","slug":"reglamentacion-interna-de-las-actividades-academicas-de-pregrado-y-grado-facet-y-plan-de-transicion","status":"publish","type":"post","link":"https:\/\/www.facet.unt.edu.ar\/dpto-cs-comp\/2023\/11\/28\/reglamentacion-interna-de-las-actividades-academicas-de-pregrado-y-grado-facet-y-plan-de-transicion\/","title":{"rendered":"Reglamentaci\u00f3n Interna de las Actividades Acad\u00e9micas de Pregrado y Grado (FACET) y Plan de Transici\u00f3n"},"content":{"rendered":"<h2><strong>Reglamentaci\u00f3n Interna de las Actividades Acad\u00e9micas de Pregrado y Grado (FACET) y Plan de Transici\u00f3n<\/strong><\/h2>\n<p style=\"font-weight: 400;\">Las Autoridades de la Facultad ponen a disposici\u00f3n de la comunidad FACET la nueva \u201cReglamentaci\u00f3n Interna de las Actividades Acad\u00e9micas de Pregrado y Grado de la Facultad de Ciencias Exactas y Tecnolog\u00eda\u201d aprobada por\u00a0<a href=\"https:\/\/www.facet.unt.edu.ar\/facetinforma\/wp-content\/uploads\/sites\/9\/2023\/11\/3_10-11-2023_Resolucion_RES_FACET__DDAC_2809_2023.pdf\" target=\"_blank\" rel=\"noopener\" data-saferedirecturl=\"https:\/\/www.google.com\/url?q=https:\/\/www.facet.unt.edu.ar\/facetinforma\/wp-content\/uploads\/sites\/9\/2023\/11\/3_10-11-2023_Resolucion_RES_FACET__DDAC_2809_2023.pdf&amp;source=gmail&amp;ust=1701279531644000&amp;usg=AOvVaw2dzTClfzwkELbisGfQ9U1Y\">RES &#8211; FACET &#8211; DDAC &#8211; 2809 \/ 2023<\/a>\u00a0y su correspondiente \u201cPlan de Transici\u00f3n&#8221;\u00a0(<a href=\"https:\/\/www.facet.unt.edu.ar\/facetinforma\/wp-content\/uploads\/sites\/9\/2023\/11\/2_10-11-2023_Resolucion_RES_FACET__DDAC_2845_2023.pdf\" target=\"_blank\" rel=\"noopener\" data-saferedirecturl=\"https:\/\/www.google.com\/url?q=https:\/\/www.facet.unt.edu.ar\/facetinforma\/wp-content\/uploads\/sites\/9\/2023\/11\/2_10-11-2023_Resolucion_RES_FACET__DDAC_2845_2023.pdf&amp;source=gmail&amp;ust=1701279531644000&amp;usg=AOvVaw02gKl87bhM6pygu40dUp5y\">RES &#8211; FACET &#8211; DDAC -2845 \/ 2023<\/a>).<\/p>\n<p style=\"font-weight: 400;\">El Reglamento Interno de Actividades Acad\u00e9micas regir\u00e1 a partir del per\u00edodo lectivo 2024, por ello el &#8220;Plan de Transici\u00f3n&#8221;\u00a0prev\u00e9\u00a0la reglamentaci\u00f3n para el proceso de cambio entre el reglamento vigente y el nuevo sin que estas modificaciones generen complicaciones a los estudiantes de la instituci\u00f3n.<\/p>\n","protected":false},"excerpt":{"rendered":"<p>Reglamentaci\u00f3n Interna de las Actividades Acad\u00e9micas de Pregrado y Grado (FACET) y Plan de Transici\u00f3n Las Autoridades de la Facultad ponen a disposici\u00f3n de la comunidad FACET la nueva \u201cReglamentaci\u00f3n Interna de las Actividades Acad\u00e9micas de Pregrado y Grado de la Facultad de Ciencias Exactas y Tecnolog\u00eda\u201d aprobada por\u00a0RES &#8211; FACET &#8211; DDAC &#8211; 2809 [&hellip;]<\/p>\n","protected":false},"author":101021,"featured_media":0,"comment_status":"closed","ping_status":"closed","sticky":false,"template":"","format":"standard","meta":[],"categories":[13],"tags":[],"_links":{"self":[{"href":"https:\/\/www.facet.unt.edu.ar\/dpto-cs-comp\/wp-json\/wp\/v2\/posts\/3272"}],"collection":[{"href":"https:\/\/www.facet.unt.edu.ar\/dpto-cs-comp\/wp-json\/wp\/v2\/posts"}],"about":[{"href":"https:\/\/www.facet.unt.edu.ar\/dpto-cs-comp\/wp-json\/wp\/v2\/types\/post"}],"author":[{"embeddable":true,"href":"https:\/\/www.facet.unt.edu.ar\/dpto-cs-comp\/wp-json\/wp\/v2\/users\/101021"}],"replies":[{"embeddable":true,"href":"https:\/\/www.facet.unt.edu.ar\/dpto-cs-comp\/wp-json\/wp\/v2\/comments?post=3272"}],"version-history":[{"count":2,"href":"https:\/\/www.facet.unt.edu.ar\/dpto-cs-comp\/wp-json\/wp\/v2\/posts\/3272\/revisions"}],"predecessor-version":[{"id":3274,"href":"https:\/\/www.facet.unt.edu.ar\/dpto-cs-comp\/wp-json\/wp\/v2\/posts\/3272\/revisions\/3274"}],"wp:attachment":[{"href":"https:\/\/www.facet.unt.edu.ar\/dpto-cs-comp\/wp-json\/wp\/v2\/media?parent=3272"}],"wp:term":[{"taxonomy":"category","embeddable":true,"href":"https:\/\/www.facet.unt.edu.ar\/dpto-cs-comp\/wp-json\/wp\/v2\/categories?post=3272"},{"taxonomy":"post_tag","embeddable":true,"href":"https:\/\/www.facet.unt.edu.ar\/dpto-cs-comp\/wp-json\/wp\/v2\/tags?post=3272"}],"curies":[{"name":"wp","href":"https:\/\/api.w.org\/{rel}","templated":true}]}}