{"id":4220,"date":"2025-06-24T00:24:28","date_gmt":"2025-06-24T03:24:28","guid":{"rendered":"https:\/\/www.facet.unt.edu.ar\/dpto-cs-comp\/?p=4220"},"modified":"2025-06-24T00:26:11","modified_gmt":"2025-06-24T03:26:11","slug":"webinar2","status":"publish","type":"post","link":"https:\/\/www.facet.unt.edu.ar\/dpto-cs-comp\/2025\/06\/24\/webinar2\/","title":{"rendered":"Webinar Algoritmos y estructuras de datos en entrevistas de trabajo"},"content":{"rendered":"<h2 style=\"text-align: center;\"><strong>Webinar &#8220;Algoritmos y estructuras de datos en entrevistas de trabajo&#8221;<\/strong><\/h2>\n<h3 style=\"text-align: center;\"><strong>Organizado por el Departamento de Ciencias de la Computaci\u00f3n &#8211; FACET &#8211; UNT<\/strong><\/h3>\n<p><a href=\"https:\/\/www.facet.unt.edu.ar\/dpto-cs-comp\/wp-content\/uploads\/sites\/29\/2025\/06\/webinar2.jpg\"><img decoding=\"async\" loading=\"lazy\" class=\"aligncenter size-full wp-image-4221\" src=\"https:\/\/www.facet.unt.edu.ar\/dpto-cs-comp\/wp-content\/uploads\/sites\/29\/2025\/06\/webinar2.jpg\" alt=\"\" width=\"512\" height=\"640\" \/><\/a><\/p>\n<p>Este jueves 26 de Junio,\u00a0 continuamos con la charla del Ciclo de <strong>Webinars &#8220;Conviviendo con el Cambio 2025&#8221;<\/strong>.<\/p>\n<p>En esta ocasi\u00f3n el <strong>Licenciado en Inform\u00e1tica Benjam\u00edn Cortez<\/strong>, profesor del Depto. de Ciencias de la Computaci\u00f3n, de FACET &#8211; UNT,\u00a0 nos disertar\u00e1 <strong>&#8220;Algoritmos y estructuras de datos en entrevistas de trabajo&#8221;<\/strong>, en el que tratar\u00e1 los temas sobre: Estrategias para resolver problemas algor\u00edtmicos, con foco en c\u00f3mo encarar entrevistas t\u00e9cnicas en empresas tecnol\u00f3gicas..<\/p>\n<hr \/>\n<p>\ud83e\udde0 Tema:<strong> Algoritmos y estructuras de datos en entrevistas de trabajo<\/strong><br \/>\n\ud83d\uddd3\ufe0f Fecha: Jueves 27 de Junio de 2025<br \/>\n\ud83d\udd56 Hora: 19:00<br \/>\n\ud83c\udf99\ufe0f Disertante: Lic. Benjam\u00edn Cortes<br \/>\n\ud83c\udfaf Destinatarios: Estudiantes y p\u00fablico en general con conocimientos b\u00e1sicos de programaci\u00f3n.<br \/>\n\u23f1\ufe0f Duraci\u00f3n: 90 minutos<\/p>\n<p>Acceso Libre y Gratuito<\/p>\n<p>\ud83d\udccd Por canal de Youtube de la FACET: <a href=\"https:\/\/www.youtube.com\/watch?v=NQ41BxXRyUE\" target=\"_blank\" rel=\"noopener\">https:\/\/www.youtube.com\/watch?v=NQ41BxXRyUE<\/a><\/p>\n","protected":false},"excerpt":{"rendered":"<p>Webinar &#8220;Algoritmos y estructuras de datos en entrevistas de trabajo&#8221; Organizado por el Departamento de Ciencias de la Computaci\u00f3n &#8211; FACET &#8211; UNT Este jueves 26 de Junio,\u00a0 continuamos con la charla del Ciclo de Webinars &#8220;Conviviendo con el Cambio 2025&#8221;. En esta ocasi\u00f3n el Licenciado en Inform\u00e1tica Benjam\u00edn Cortez, profesor del Depto. de Ciencias [&hellip;]<\/p>\n","protected":false},"author":101021,"featured_media":0,"comment_status":"closed","ping_status":"closed","sticky":false,"template":"","format":"standard","meta":[],"categories":[34],"tags":[],"_links":{"self":[{"href":"https:\/\/www.facet.unt.edu.ar\/dpto-cs-comp\/wp-json\/wp\/v2\/posts\/4220"}],"collection":[{"href":"https:\/\/www.facet.unt.edu.ar\/dpto-cs-comp\/wp-json\/wp\/v2\/posts"}],"about":[{"href":"https:\/\/www.facet.unt.edu.ar\/dpto-cs-comp\/wp-json\/wp\/v2\/types\/post"}],"author":[{"embeddable":true,"href":"https:\/\/www.facet.unt.edu.ar\/dpto-cs-comp\/wp-json\/wp\/v2\/users\/101021"}],"replies":[{"embeddable":true,"href":"https:\/\/www.facet.unt.edu.ar\/dpto-cs-comp\/wp-json\/wp\/v2\/comments?post=4220"}],"version-history":[{"count":4,"href":"https:\/\/www.facet.unt.edu.ar\/dpto-cs-comp\/wp-json\/wp\/v2\/posts\/4220\/revisions"}],"predecessor-version":[{"id":4225,"href":"https:\/\/www.facet.unt.edu.ar\/dpto-cs-comp\/wp-json\/wp\/v2\/posts\/4220\/revisions\/4225"}],"wp:attachment":[{"href":"https:\/\/www.facet.unt.edu.ar\/dpto-cs-comp\/wp-json\/wp\/v2\/media?parent=4220"}],"wp:term":[{"taxonomy":"category","embeddable":true,"href":"https:\/\/www.facet.unt.edu.ar\/dpto-cs-comp\/wp-json\/wp\/v2\/categories?post=4220"},{"taxonomy":"post_tag","embeddable":true,"href":"https:\/\/www.facet.unt.edu.ar\/dpto-cs-comp\/wp-json\/wp\/v2\/tags?post=4220"}],"curies":[{"name":"wp","href":"https:\/\/api.w.org\/{rel}","templated":true}]}}