{"id":10122,"date":"2016-04-08T13:32:14","date_gmt":"2016-04-08T16:32:14","guid":{"rendered":"https:\/\/www.facet.unt.edu.ar\/facetinforma\/?p=10122"},"modified":"2016-04-08T13:36:36","modified_gmt":"2016-04-08T16:36:36","slug":"programa-de-radio-de-la-facet-3ra-emision-2016","status":"publish","type":"post","link":"https:\/\/www.facet.unt.edu.ar\/facetinforma\/2016\/04\/08\/programa-de-radio-de-la-facet-3ra-emision-2016\/","title":{"rendered":"Programa de Radio de la FACET \u2013 3ra Emisi\u00f3n 2016"},"content":{"rendered":"<p>Ma\u00ad\u00f1a\u00adna, s\u00e1\u00adba\u00addo 09 de Abril a horas 18 por LRK 319 \u2013 Radio Uni\u00adver\u00adsi\u00addad 94.7, se emi\u00adti\u00adr\u00e1 una nueva edi\u00adci\u00f3n del pro\u00adgra\u00adma de radio de la FACET \u201cExac\u00adtas para Todos\u201d.\u00a0\u00a0\u00a0 <!--more--><\/p>\n<p>Du\u00adran\u00adte la emi\u00adsi\u00f3n, se abor\u00adda\u00adr\u00e1n as\u00adpec\u00adtos de in\u00adte\u00adr\u00e9s de la Ca\u00adrre\u00adra de Ingenier\u00eda Biom\u00e9dica, la reciente suscripci\u00f3n de la Biblioteca de la FACET a la plataforma Ebrary, agenda de eventos y las no\u00adti\u00adcias m\u00e1s re\u00adle\u00advan\u00adtes de nues\u00adtra co\u00admu\u00adni\u00addad.<\/p>\n<p>Ade\u00adm\u00e1s se rea\u00adli\u00adza\u00adr\u00e1 un sor\u00adteo de 3 li\u00adbros de EDUNT entre quie\u00adnes par\u00adti\u00adci\u00adpen\u00a0de la con\u00adsig\u00adna del d\u00eda. Aque\u00adllos que deseen par\u00adti\u00adci\u00adpar, de\u00adbe\u00adr\u00e1n co\u00admu\u00adni\u00adcar\u00adse al 4-302766 du\u00adran\u00adte la trans\u00admi\u00adsi\u00f3n del pro\u00adgra\u00adma y res\u00adpon\u00adder co\u00adrrec\u00adta\u00admen\u00adte la pre\u00adgun\u00adta del con\u00adcur\u00adso que se\u00a0se\u00f1alar\u00e1 al inicio de la edi\u00adci\u00f3n.<\/p>\n<p>Para es\u00adcu\u00adchar el pro\u00adgra\u00adma desde la web, in\u00adgre\u00adse <a href=\"http:\/\/www.fm947universidad.com.ar\/?page_id=199\" target=\"_blank\">aqu\u00ed<\/a>.<\/p>\n<p><a href=\"https:\/\/www.facet.unt.edu.ar\/facetinforma\/wp-content\/uploads\/sites\/9\/2016\/04\/Sabado-9.png\" rel=\"attachment wp-att-10123\"><img decoding=\"async\" loading=\"lazy\" class=\"aligncenter wp-image-10123\" src=\"https:\/\/www.facet.unt.edu.ar\/facetinforma\/wp-content\/uploads\/sites\/9\/2016\/04\/Sabado-9.png\" alt=\"Sabado 9\" width=\"552\" height=\"392\" srcset=\"https:\/\/www.facet.unt.edu.ar\/facetinforma\/wp-content\/uploads\/sites\/9\/2016\/04\/Sabado-9.png 960w, https:\/\/www.facet.unt.edu.ar\/facetinforma\/wp-content\/uploads\/sites\/9\/2016\/04\/Sabado-9-300x213.png 300w, https:\/\/www.facet.unt.edu.ar\/facetinforma\/wp-content\/uploads\/sites\/9\/2016\/04\/Sabado-9-768x546.png 768w\" sizes=\"(max-width: 552px) 100vw, 552px\" \/><\/a><\/p>\n","protected":false},"excerpt":{"rendered":"<p>Ma\u00ad\u00f1a\u00adna, s\u00e1\u00adba\u00addo 09 de Abril a horas 18 por LRK 319 \u2013 Radio Uni\u00adver\u00adsi\u00addad 94.7, se emi\u00adti\u00adr\u00e1 una nueva edi\u00adci\u00f3n del pro\u00adgra\u00adma de radio de la FACET \u201cExac\u00adtas para Todos\u201d.\u00a0\u00a0\u00a0<\/p>\n","protected":false},"author":6,"featured_media":0,"comment_status":"closed","ping_status":"closed","sticky":false,"template":"","format":"standard","meta":[],"categories":[5],"tags":[],"_links":{"self":[{"href":"https:\/\/www.facet.unt.edu.ar\/facetinforma\/wp-json\/wp\/v2\/posts\/10122"}],"collection":[{"href":"https:\/\/www.facet.unt.edu.ar\/facetinforma\/wp-json\/wp\/v2\/posts"}],"about":[{"href":"https:\/\/www.facet.unt.edu.ar\/facetinforma\/wp-json\/wp\/v2\/types\/post"}],"author":[{"embeddable":true,"href":"https:\/\/www.facet.unt.edu.ar\/facetinforma\/wp-json\/wp\/v2\/users\/6"}],"replies":[{"embeddable":true,"href":"https:\/\/www.facet.unt.edu.ar\/facetinforma\/wp-json\/wp\/v2\/comments?post=10122"}],"version-history":[{"count":4,"href":"https:\/\/www.facet.unt.edu.ar\/facetinforma\/wp-json\/wp\/v2\/posts\/10122\/revisions"}],"predecessor-version":[{"id":10125,"href":"https:\/\/www.facet.unt.edu.ar\/facetinforma\/wp-json\/wp\/v2\/posts\/10122\/revisions\/10125"}],"wp:attachment":[{"href":"https:\/\/www.facet.unt.edu.ar\/facetinforma\/wp-json\/wp\/v2\/media?parent=10122"}],"wp:term":[{"taxonomy":"category","embeddable":true,"href":"https:\/\/www.facet.unt.edu.ar\/facetinforma\/wp-json\/wp\/v2\/categories?post=10122"},{"taxonomy":"post_tag","embeddable":true,"href":"https:\/\/www.facet.unt.edu.ar\/facetinforma\/wp-json\/wp\/v2\/tags?post=10122"}],"curies":[{"name":"wp","href":"https:\/\/api.w.org\/{rel}","templated":true}]}}