{"id":1020,"date":"2012-06-04T16:50:54","date_gmt":"2012-06-04T16:50:54","guid":{"rendered":"http:\/\/www1.herrera.unt.edu.ar\/facetinforma\/?p=1020"},"modified":"2012-06-04T16:50:54","modified_gmt":"2012-06-04T16:50:54","slug":"festejos-dia-de-la-ingenieria","status":"publish","type":"post","link":"https:\/\/www.facet.unt.edu.ar\/facetinforma\/2012\/06\/04\/festejos-dia-de-la-ingenieria\/","title":{"rendered":"Festejos D\u00eda de la Ingenier\u00eda"},"content":{"rendered":"<p style=\"text-align: justify\">El Se\u00f1or Decano de la Facultad de Ciencias Exactas y Tecnolog\u00eda, Ing. Sergio Jos\u00e9 Pagani junto a todo su gabinete, invitan a toda la comunidad universitaria de la misma, a participar de los actos programados en conmemoraci\u00f3n del D\u00eda de la Ingenier\u00eda Argentina,\u00a0cuyo\u00a0cronograma se adjunta a continuaci\u00f3n:<\/p>\n<p style=\"text-align: justify\"><strong>FESTEJOS DIA\u00a0DE LA <\/strong><strong>INGENIER\u00cdA<\/strong><\/p>\n<p style=\"text-align: justify\"><strong>D\u00eda 7. Horas 19<\/strong>. BLOCK CIVIL-QUIMICA, AULA 4-0-7. Obra de teatro: \u201cPersonalmente Einstein\u201d. El espect\u00e1culo se plantea inicialmente como una habitual conferencia, prop\u00f3sito que el personaje abandona de inmediato para internarse en an\u00e9cdotas, reflexiones y pasajes de su interesante vida profesional y personal. Traducci\u00f3n, dramaturgia y direcci\u00f3n: Leonardo Goloboff. Personifica a Einstein el actor Juan Tr\u00edbulo. Producci\u00f3n ejecutiva: Mariana Ezcurra. Asistencia t\u00e9cnica: Mario Ram\u00edrez.<\/p>\n<p style=\"text-align: justify\">La <strong>entrada ser\u00e1 libre y gratuita<\/strong>. Est\u00e1n todos invitados!!!<\/p>\n<p style=\"text-align: justify\"><strong>D\u00eda 8<\/strong> &#8211; <strong>11 horas<\/strong>. Block Decanato. Acto Acad\u00e9mico con la presencia de autoridades universitarias. Est\u00e1n todos invitados!!<\/p>\n<p style=\"text-align: justify\"><strong>D\u00eda 8 &#8211; 12.30 horas<\/strong>. Almuerzo de camarader\u00eda (locro). Entrada $40. Estudiantes $20.<\/p>\n<p style=\"text-align: justify\"><strong>D\u00edas 9, 10, 16 y 17 Campeonatos Deportivos<\/strong>. Horarios a convenir. Esperamos equipos de docentes, no docentes y estudiantes!!!\u00a0<\/p>\n<p style=\"text-align: justify\"><strong>Inscripciones:<\/strong> <a href=\"mailto:hebebarber@gmail.com\" target=\"_blank\">hebebarber@gmail.com<\/a><\/p>\n<p style=\"text-align: justify\">Inscripciones: <strong>Futbol<\/strong> <strong>5<\/strong> $ 150 por equipo. <strong>Tenis<\/strong> $80 (single).<\/p>\n<p style=\"text-align: justify\"><strong>LOS ESPERAMOS!!!<\/strong><\/p>\n","protected":false},"excerpt":{"rendered":"<p>El Se\u00f1or Decano de la Facultad de Ciencias Exactas y Tecnolog\u00eda, Ing. Sergio Jos\u00e9 Pagani junto a todo su gabinete, invitan a toda la comunidad universitaria de la misma, a participar de los actos programados en conmemoraci\u00f3n del D\u00eda de la Ingenier\u00eda Argentina,\u00a0cuyo\u00a0cronograma se adjunta a continuaci\u00f3n: FESTEJOS DIA\u00a0DE LA INGENIER\u00cdA D\u00eda 7. Horas 19. [&hellip;]<\/p>\n","protected":false},"author":6,"featured_media":0,"comment_status":"closed","ping_status":"open","sticky":false,"template":"","format":"standard","meta":[],"categories":[5],"tags":[],"_links":{"self":[{"href":"https:\/\/www.facet.unt.edu.ar\/facetinforma\/wp-json\/wp\/v2\/posts\/1020"}],"collection":[{"href":"https:\/\/www.facet.unt.edu.ar\/facetinforma\/wp-json\/wp\/v2\/posts"}],"about":[{"href":"https:\/\/www.facet.unt.edu.ar\/facetinforma\/wp-json\/wp\/v2\/types\/post"}],"author":[{"embeddable":true,"href":"https:\/\/www.facet.unt.edu.ar\/facetinforma\/wp-json\/wp\/v2\/users\/6"}],"replies":[{"embeddable":true,"href":"https:\/\/www.facet.unt.edu.ar\/facetinforma\/wp-json\/wp\/v2\/comments?post=1020"}],"version-history":[{"count":0,"href":"https:\/\/www.facet.unt.edu.ar\/facetinforma\/wp-json\/wp\/v2\/posts\/1020\/revisions"}],"wp:attachment":[{"href":"https:\/\/www.facet.unt.edu.ar\/facetinforma\/wp-json\/wp\/v2\/media?parent=1020"}],"wp:term":[{"taxonomy":"category","embeddable":true,"href":"https:\/\/www.facet.unt.edu.ar\/facetinforma\/wp-json\/wp\/v2\/categories?post=1020"},{"taxonomy":"post_tag","embeddable":true,"href":"https:\/\/www.facet.unt.edu.ar\/facetinforma\/wp-json\/wp\/v2\/tags?post=1020"}],"curies":[{"name":"wp","href":"https:\/\/api.w.org\/{rel}","templated":true}]}}