{"id":10362,"date":"2016-05-06T13:31:17","date_gmt":"2016-05-06T16:31:17","guid":{"rendered":"https:\/\/www.facet.unt.edu.ar\/facetinforma\/?p=10362"},"modified":"2016-05-06T13:33:39","modified_gmt":"2016-05-06T16:33:39","slug":"convocatoria-becas-estimulo-a-las-vocaciones-cientificas-evc","status":"publish","type":"post","link":"https:\/\/www.facet.unt.edu.ar\/facetinforma\/2016\/05\/06\/convocatoria-becas-estimulo-a-las-vocaciones-cientificas-evc\/","title":{"rendered":"Convocatoria Becas Est\u00edmulo a las Vocaciones Cient\u00edficas &#8211; EVC"},"content":{"rendered":"<p><strong>Desde el d\u00eda lunes 02 de Mayo, el CIN (Consejo Interuniversitario Nacional) abri\u00f3 una nueva convocatoria para Becas EVC (Est\u00edmulo a las Vocaciones Cient\u00edficas). Las inscripciones se recibir\u00e1n hasta el viernes 17 de Junio. \u00a0<\/strong><br \/>\n<!--more--><\/p>\n<p>El CIN convoca a estudiantes universitarios de grado (de disciplinas cient\u00edficas, human\u00edsticas, tecnol\u00f3gicas o art\u00edsticas) que deseen iniciar su formaci\u00f3n en investigaci\u00f3n en el marco de proyectos de investigaci\u00f3n acreditados, que se desarrollen en el \u00e1mbito de las instituciones universitarias p\u00fablicas.<\/p>\n<p>La Beca tiene una duraci\u00f3n de un a\u00f1o (a partir del 1 de Abril de 2017 hasta el 30 de Marzo de 2018).\u00a0Los postulantes deber\u00e1n ser estudiantes avanzados (50% o m\u00e1s de las materias aprobadas), tener hasta 30 a\u00f1os de edad (al 31 de diciembre de 2016), y un promedio m\u00ednimo de 6 (seis) puntos (aplazos incluidos).<\/p>\n<p>Las bases, reglamento, instructivo, etc.,\u00a0podr\u00e1n ser descargados desde nuestra web, ingresando a <a href=\"http:\/\/scait.ct.unt.edu.ar\/becas\/becas-externas\/\" target=\"_blank\">SCAIT&gt;Becas&gt;Becas Externas&gt;CIN<\/a> (Convocatoria EVC2016). Se incluye\u00a0adem\u00e1s, la documentaci\u00f3n necesaria para aquellos beneficiarios de la convocatoria 2015, que deseen <a href=\"http:\/\/scait.ct.unt.edu.ar\/wp-content\/uploads\/2016\/05\/extensi%C3%B3n-evc2015.doc\" target=\"_blank\">pedir extensi\u00f3n<\/a> (formulario de solicitud de extensi\u00f3n, modelo de nota de conformidad del director y la planilla de certificaci\u00f3n de antecedentes acad\u00e9micos de la Beca EVC-CIN).<\/p>\n<p><a href=\"https:\/\/www.facet.unt.edu.ar\/facetinforma\/wp-content\/uploads\/sites\/9\/2016\/05\/becas-est\u00edmulo.jpg\"><img decoding=\"async\" loading=\"lazy\" class=\"aligncenter size-full wp-image-10363\" src=\"https:\/\/www.facet.unt.edu.ar\/facetinforma\/wp-content\/uploads\/sites\/9\/2016\/05\/becas-est\u00edmulo.jpg\" alt=\"becas est\u00edmulo\" width=\"600\" height=\"576\" srcset=\"https:\/\/www.facet.unt.edu.ar\/facetinforma\/wp-content\/uploads\/sites\/9\/2016\/05\/becas-est\u00edmulo.jpg 600w, https:\/\/www.facet.unt.edu.ar\/facetinforma\/wp-content\/uploads\/sites\/9\/2016\/05\/becas-est\u00edmulo-300x288.jpg 300w\" sizes=\"(max-width: 600px) 100vw, 600px\" \/><\/a><\/p>\n","protected":false},"excerpt":{"rendered":"<p>Desde el d\u00eda lunes 02 de Mayo, el CIN (Consejo Interuniversitario Nacional) abri\u00f3 una nueva convocatoria para Becas EVC (Est\u00edmulo a las Vocaciones Cient\u00edficas). Las inscripciones se recibir\u00e1n hasta el viernes 17 de Junio. \u00a0<\/p>\n","protected":false},"author":6,"featured_media":0,"comment_status":"closed","ping_status":"closed","sticky":false,"template":"","format":"standard","meta":[],"categories":[3,5],"tags":[],"_links":{"self":[{"href":"https:\/\/www.facet.unt.edu.ar\/facetinforma\/wp-json\/wp\/v2\/posts\/10362"}],"collection":[{"href":"https:\/\/www.facet.unt.edu.ar\/facetinforma\/wp-json\/wp\/v2\/posts"}],"about":[{"href":"https:\/\/www.facet.unt.edu.ar\/facetinforma\/wp-json\/wp\/v2\/types\/post"}],"author":[{"embeddable":true,"href":"https:\/\/www.facet.unt.edu.ar\/facetinforma\/wp-json\/wp\/v2\/users\/6"}],"replies":[{"embeddable":true,"href":"https:\/\/www.facet.unt.edu.ar\/facetinforma\/wp-json\/wp\/v2\/comments?post=10362"}],"version-history":[{"count":4,"href":"https:\/\/www.facet.unt.edu.ar\/facetinforma\/wp-json\/wp\/v2\/posts\/10362\/revisions"}],"predecessor-version":[{"id":10367,"href":"https:\/\/www.facet.unt.edu.ar\/facetinforma\/wp-json\/wp\/v2\/posts\/10362\/revisions\/10367"}],"wp:attachment":[{"href":"https:\/\/www.facet.unt.edu.ar\/facetinforma\/wp-json\/wp\/v2\/media?parent=10362"}],"wp:term":[{"taxonomy":"category","embeddable":true,"href":"https:\/\/www.facet.unt.edu.ar\/facetinforma\/wp-json\/wp\/v2\/categories?post=10362"},{"taxonomy":"post_tag","embeddable":true,"href":"https:\/\/www.facet.unt.edu.ar\/facetinforma\/wp-json\/wp\/v2\/tags?post=10362"}],"curies":[{"name":"wp","href":"https:\/\/api.w.org\/{rel}","templated":true}]}}