{"id":10504,"date":"2016-05-26T12:06:47","date_gmt":"2016-05-26T15:06:47","guid":{"rendered":"https:\/\/www.facet.unt.edu.ar\/facetinforma\/?p=10504"},"modified":"2016-05-31T13:36:26","modified_gmt":"2016-05-31T16:36:26","slug":"defensa-de-tesis-de-maestria-4","status":"publish","type":"post","link":"https:\/\/www.facet.unt.edu.ar\/facetinforma\/2016\/05\/26\/defensa-de-tesis-de-maestria-4\/","title":{"rendered":"Defensa de Tesis de Maestr\u00eda"},"content":{"rendered":"<p>Se invita a la comunidad universitaria a la defensa p\u00fablica de tesis del<strong> Ing. Jorge Eduardo Mart\u00edn BUSTOS<\/strong>, titulada: \u201c<strong>Algoritmos Gen\u00e9ticos Niching para Selecci\u00f3n de Variables en Estimaci\u00f3n de Radiaci\u00f3n Solar Observada<\/strong>\u201d; para acceder al grado acad\u00e9mico de \u201cMagister en M\u00e9todos Num\u00e9ricos y Computacionales en Ingenier\u00eda de la Universidad Nacional de Tucum\u00e1n\u201d.\u00a0\u00a0 <!--more--><\/p>\n<p>El acto acad\u00e9mico se llevar\u00e1 a cabo el Mi\u00e9rcoles 01 de Junio de 2016 a horas 11:00 en la Sala de Medios Audiovisuales de la Facultad de Ciencias Exactas y Tecnolog\u00eda.<\/p>\n<p><u>Director de Tesis<\/u>: Dr. Adri\u00e1n L.E. WILL,\u00a0 FACET-UNT.<br \/>\n<u>Co-Directora de Tesis<\/u>: M\u00f3nica de Lourdes BOCCO.<\/p>\n<p><u>Miembros Titulares del Tribunal Examinador<\/u>:<br \/>\nDr. Miguel A. CABRERA (Universidad Nacional de Tucum\u00e1n)<br \/>\nDr. Sebasti\u00e1n A. RODRIGUEZ (Universidad Tecnol\u00f3gica Nacional)<br \/>\nDra. Sonia Mariel VRECH (Universidad Nacional de Tucum\u00e1n)<\/p>\n","protected":false},"excerpt":{"rendered":"<p>Se invita a la comunidad universitaria a la defensa p\u00fablica de tesis del Ing. Jorge Eduardo Mart\u00edn BUSTOS, titulada: \u201cAlgoritmos Gen\u00e9ticos Niching para Selecci\u00f3n de Variables en Estimaci\u00f3n de Radiaci\u00f3n Solar Observada\u201d; para acceder al grado acad\u00e9mico de \u201cMagister en M\u00e9todos Num\u00e9ricos y Computacionales en Ingenier\u00eda de la Universidad Nacional de Tucum\u00e1n\u201d.\u00a0\u00a0<\/p>\n","protected":false},"author":6,"featured_media":0,"comment_status":"closed","ping_status":"closed","sticky":false,"template":"","format":"standard","meta":[],"categories":[5],"tags":[],"_links":{"self":[{"href":"https:\/\/www.facet.unt.edu.ar\/facetinforma\/wp-json\/wp\/v2\/posts\/10504"}],"collection":[{"href":"https:\/\/www.facet.unt.edu.ar\/facetinforma\/wp-json\/wp\/v2\/posts"}],"about":[{"href":"https:\/\/www.facet.unt.edu.ar\/facetinforma\/wp-json\/wp\/v2\/types\/post"}],"author":[{"embeddable":true,"href":"https:\/\/www.facet.unt.edu.ar\/facetinforma\/wp-json\/wp\/v2\/users\/6"}],"replies":[{"embeddable":true,"href":"https:\/\/www.facet.unt.edu.ar\/facetinforma\/wp-json\/wp\/v2\/comments?post=10504"}],"version-history":[{"count":3,"href":"https:\/\/www.facet.unt.edu.ar\/facetinforma\/wp-json\/wp\/v2\/posts\/10504\/revisions"}],"predecessor-version":[{"id":10584,"href":"https:\/\/www.facet.unt.edu.ar\/facetinforma\/wp-json\/wp\/v2\/posts\/10504\/revisions\/10584"}],"wp:attachment":[{"href":"https:\/\/www.facet.unt.edu.ar\/facetinforma\/wp-json\/wp\/v2\/media?parent=10504"}],"wp:term":[{"taxonomy":"category","embeddable":true,"href":"https:\/\/www.facet.unt.edu.ar\/facetinforma\/wp-json\/wp\/v2\/categories?post=10504"},{"taxonomy":"post_tag","embeddable":true,"href":"https:\/\/www.facet.unt.edu.ar\/facetinforma\/wp-json\/wp\/v2\/tags?post=10504"}],"curies":[{"name":"wp","href":"https:\/\/api.w.org\/{rel}","templated":true}]}}