{"id":10514,"date":"2016-05-26T18:01:52","date_gmt":"2016-05-26T21:01:52","guid":{"rendered":"https:\/\/www.facet.unt.edu.ar\/facetinforma\/?p=10514"},"modified":"2016-05-26T20:16:09","modified_gmt":"2016-05-26T23:16:09","slug":"taller-de-internacionalizacion-tic-a-traves-de-la-innovacion","status":"publish","type":"post","link":"https:\/\/www.facet.unt.edu.ar\/facetinforma\/2016\/05\/26\/taller-de-internacionalizacion-tic-a-traves-de-la-innovacion\/","title":{"rendered":"Taller de Internacionalizaci\u00f3n TIC a trav\u00e9s de la Innovaci\u00f3n"},"content":{"rendered":"<p>Se invita al \u201cTaller de Internacionalizaci\u00f3n TIC a trav\u00e9s de la Innovaci\u00f3n\u201d que se llevar\u00e1 a cabo del 31 de Mayo al 3 de Junio en la FACET. El mismo est\u00e1 dirigido a personas\/empresas que deseen potenciar sus procesos de internacionalizaci\u00f3n, mediante el desarrollo de capacidades orientadas a la implementaci\u00f3n de proyectos innovadores, principalmente en el proceso de generaci\u00f3n de ideas y gesti\u00f3n de la innovaci\u00f3n.\u00a0\u00a0 <!--more--><\/p>\n<p>El taller es organizado por Cluster Tucum\u00e1n Technology.<\/p>\n<p>Informaci\u00f3n e inscripci\u00f3n en: <a href=\"http:\/\/181.14.240.59\/Portal\/event\/taller-de-internacionalizacion-tic\/\" target=\"_blank\">http:\/\/181.14.240.59\/Portal\/event\/taller-de-internacionalizacion-tic\/<\/a><\/p>\n<p>Consultas en: <a href=\"mailto:info@tucumantechnology.com\" target=\"_blank\">info@tucumantechnology.com<\/a> \u00f3 en la Fan Page: <a href=\"https:\/\/goo.gl\/ELtMIr\" target=\"_blank\">https:\/\/goo.gl\/ELtMIr<\/a><\/p>\n<p><a href=\"https:\/\/www.facet.unt.edu.ar\/facetinforma\/wp-content\/uploads\/sites\/9\/2016\/05\/safe_image.png\"><img decoding=\"async\" loading=\"lazy\" class=\"aligncenter wp-image-10515\" src=\"https:\/\/www.facet.unt.edu.ar\/facetinforma\/wp-content\/uploads\/sites\/9\/2016\/05\/safe_image.png\" alt=\"safe_image\" width=\"436\" height=\"436\" srcset=\"https:\/\/www.facet.unt.edu.ar\/facetinforma\/wp-content\/uploads\/sites\/9\/2016\/05\/safe_image.png 300w, https:\/\/www.facet.unt.edu.ar\/facetinforma\/wp-content\/uploads\/sites\/9\/2016\/05\/safe_image-150x150.png 150w\" sizes=\"(max-width: 436px) 100vw, 436px\" \/><\/a><\/p>\n","protected":false},"excerpt":{"rendered":"<p>Se invita al \u201cTaller de Internacionalizaci\u00f3n TIC a trav\u00e9s de la Innovaci\u00f3n\u201d que se llevar\u00e1 a cabo del 31 de Mayo al 3 de Junio en la FACET. El mismo est\u00e1 dirigido a personas\/empresas que deseen potenciar sus procesos de internacionalizaci\u00f3n, mediante el desarrollo de capacidades orientadas a la implementaci\u00f3n de proyectos innovadores, principalmente en [&hellip;]<\/p>\n","protected":false},"author":6,"featured_media":0,"comment_status":"closed","ping_status":"closed","sticky":false,"template":"","format":"standard","meta":[],"categories":[5],"tags":[],"_links":{"self":[{"href":"https:\/\/www.facet.unt.edu.ar\/facetinforma\/wp-json\/wp\/v2\/posts\/10514"}],"collection":[{"href":"https:\/\/www.facet.unt.edu.ar\/facetinforma\/wp-json\/wp\/v2\/posts"}],"about":[{"href":"https:\/\/www.facet.unt.edu.ar\/facetinforma\/wp-json\/wp\/v2\/types\/post"}],"author":[{"embeddable":true,"href":"https:\/\/www.facet.unt.edu.ar\/facetinforma\/wp-json\/wp\/v2\/users\/6"}],"replies":[{"embeddable":true,"href":"https:\/\/www.facet.unt.edu.ar\/facetinforma\/wp-json\/wp\/v2\/comments?post=10514"}],"version-history":[{"count":4,"href":"https:\/\/www.facet.unt.edu.ar\/facetinforma\/wp-json\/wp\/v2\/posts\/10514\/revisions"}],"predecessor-version":[{"id":10533,"href":"https:\/\/www.facet.unt.edu.ar\/facetinforma\/wp-json\/wp\/v2\/posts\/10514\/revisions\/10533"}],"wp:attachment":[{"href":"https:\/\/www.facet.unt.edu.ar\/facetinforma\/wp-json\/wp\/v2\/media?parent=10514"}],"wp:term":[{"taxonomy":"category","embeddable":true,"href":"https:\/\/www.facet.unt.edu.ar\/facetinforma\/wp-json\/wp\/v2\/categories?post=10514"},{"taxonomy":"post_tag","embeddable":true,"href":"https:\/\/www.facet.unt.edu.ar\/facetinforma\/wp-json\/wp\/v2\/tags?post=10514"}],"curies":[{"name":"wp","href":"https:\/\/api.w.org\/{rel}","templated":true}]}}