{"id":1060,"date":"2012-06-05T18:00:47","date_gmt":"2012-06-05T18:00:47","guid":{"rendered":"http:\/\/www1.herrera.unt.edu.ar\/facetinforma\/?p=1060"},"modified":"2012-06-05T18:00:47","modified_gmt":"2012-06-05T18:00:47","slug":"invitacion-a-charla-diseno-de-iluminacion-de-la-idea-original-a-la-direccion-tecnica-7-de-junio","status":"publish","type":"post","link":"https:\/\/www.facet.unt.edu.ar\/facetinforma\/2012\/06\/05\/invitacion-a-charla-diseno-de-iluminacion-de-la-idea-original-a-la-direccion-tecnica-7-de-junio\/","title":{"rendered":"Invitaci\u00f3n a charla: &#8220;Dise\u00f1o de iluminaci\u00f3n: de la idea original a la direcci\u00f3n t\u00e9cnica&#8221; &#8211; 7 de Junio"},"content":{"rendered":"<p style=\"text-align: justify\">El ciclo de charlas sobre Nuevas Tecnolog\u00edas en Iluminaci\u00f3n: \u201cDise\u00f1o de iluminaci\u00f3n: de la idea original a la direcci\u00f3n t\u00e9cnica\u201d, a cargo del Ing. OLi Alonso, especialista MAVILE, se realizar\u00e1 el d\u00eda Jueves 7 de Junio de 2012, a horas 19:00, en el\u00a0Auditorio o Aula A del Departamento de Luminotecnia Luz y Visi\u00f3n de la Facultad de Ciencias Exactas y Tecnolog\u00eda-UNT.<\/p>\n<p style=\"text-align: justify\"><strong>Oli Alonso <\/strong>es Ing. electr\u00f3nico UNT, Especialista en Medio Ambiente Visual e Iluminaci\u00f3n Eficiente e Interprete Dram\u00e1tico UNT. Ha dictado cursos de postgrado en el DLLyV-UNT y en la UNaM sobre Simulaci\u00f3n digital de im\u00e1genes, \u00a0Fotorrealismo y dise\u00f1o de iluminaci\u00f3n asistido por ordenador. Se ha perfeccionado en Espa\u00f1a con el Especialista del Instituto de Patrimonio Hist\u00f3rico Espa\u00f1ol Miguel \u00c1ngel Rodr\u00edguez Lorite, donde ha participado en diversos proyectos de dise\u00f1o de Iluminaci\u00f3n. Actualmente es Director General y Art\u00edstico del Teatro Alberdi y alumno de la Maestr\u00eda en Luminotecnia. Desarrolla actividades en el campo profesional en dise\u00f1o de iluminaci\u00f3n de espacios, artes audio-visuales y patrimonio cultural.<\/p>\n<p style=\"text-align: justify\">Muy atentamente,<\/p>\n<h6><span style=\"font-size: x-small;font-family: times new roman,times\">&#8212;<\/span><br \/><span style=\"font-size: x-small;font-family: times new roman,times\">Eduardo Manzano <\/span><br \/><span style=\"font-size: x-small;font-family: times new roman,times\">Jefe del Dto. de Luminotecnia Luz y Visi\u00f3n <\/span><br \/><span style=\"font-size: x-small;font-family: times new roman,times\">Director de la Maestr\u00eda en Luminotecnia <\/span><br \/><span style=\"font-size: x-small;font-family: times new roman,times\">Facultad de Ciencias Exactas y Tecnolog\u00eda<\/span><br \/><span style=\"font-size: x-small;font-family: times new roman,times\"> Universidad Nacional de Tucum\u00e1n<\/span><br \/><span style=\"font-size: x-small;font-family: times new roman,times\"> Av Independencia 1800 &#8211; 4000 &#8211; Tucum\u00e1n &#8211; Argentina<\/span><br \/><span style=\"font-size: x-small;font-family: times new roman,times\"> Tel: 0054 381 4361936 &#8211; 0054 381 4364093 &#8211; 7715\/7855 <\/span><br \/><span style=\"font-size: x-small;font-family: times new roman,times\"><a href=\"mailto:emanzano@herrera.unt.edu.ar\" target=\"_blank\">emanzano@herrera.unt.edu.ar<\/a> <\/span><br \/><span style=\"font-size: x-small;font-family: times new roman,times\"><a href=\"http:\/\/www.herrera.unt.edu.ar\/dllyv\/%20\" target=\"_blank\">http:\/\/www.herrera.unt.edu.ar\/dllyv\/<\/a> <\/span><br \/><span style=\"font-size: x-small;font-family: times new roman,times\"><a href=\"http:\/\/magisterenluminotecnia.blogspot.com\/\" target=\"_blank\">http:\/\/magisterenluminotecnia.blogspot.com\/<\/a><\/span><\/h6>\n","protected":false},"excerpt":{"rendered":"<p>El ciclo de charlas sobre Nuevas Tecnolog\u00edas en Iluminaci\u00f3n: \u201cDise\u00f1o de iluminaci\u00f3n: de la idea original a la direcci\u00f3n t\u00e9cnica\u201d, a cargo del Ing. OLi Alonso, especialista MAVILE, se realizar\u00e1 el d\u00eda Jueves 7 de Junio de 2012, a horas 19:00, en el\u00a0Auditorio o Aula A del Departamento de Luminotecnia Luz y Visi\u00f3n de la [&hellip;]<\/p>\n","protected":false},"author":6,"featured_media":0,"comment_status":"closed","ping_status":"open","sticky":false,"template":"","format":"standard","meta":[],"categories":[5],"tags":[],"_links":{"self":[{"href":"https:\/\/www.facet.unt.edu.ar\/facetinforma\/wp-json\/wp\/v2\/posts\/1060"}],"collection":[{"href":"https:\/\/www.facet.unt.edu.ar\/facetinforma\/wp-json\/wp\/v2\/posts"}],"about":[{"href":"https:\/\/www.facet.unt.edu.ar\/facetinforma\/wp-json\/wp\/v2\/types\/post"}],"author":[{"embeddable":true,"href":"https:\/\/www.facet.unt.edu.ar\/facetinforma\/wp-json\/wp\/v2\/users\/6"}],"replies":[{"embeddable":true,"href":"https:\/\/www.facet.unt.edu.ar\/facetinforma\/wp-json\/wp\/v2\/comments?post=1060"}],"version-history":[{"count":0,"href":"https:\/\/www.facet.unt.edu.ar\/facetinforma\/wp-json\/wp\/v2\/posts\/1060\/revisions"}],"wp:attachment":[{"href":"https:\/\/www.facet.unt.edu.ar\/facetinforma\/wp-json\/wp\/v2\/media?parent=1060"}],"wp:term":[{"taxonomy":"category","embeddable":true,"href":"https:\/\/www.facet.unt.edu.ar\/facetinforma\/wp-json\/wp\/v2\/categories?post=1060"},{"taxonomy":"post_tag","embeddable":true,"href":"https:\/\/www.facet.unt.edu.ar\/facetinforma\/wp-json\/wp\/v2\/tags?post=1060"}],"curies":[{"name":"wp","href":"https:\/\/api.w.org\/{rel}","templated":true}]}}