{"id":10609,"date":"2016-06-01T11:28:02","date_gmt":"2016-06-01T14:28:02","guid":{"rendered":"https:\/\/www.facet.unt.edu.ar\/facetinforma\/?p=10609"},"modified":"2016-06-01T11:28:02","modified_gmt":"2016-06-01T14:28:02","slug":"jornada-de-trabajo-en-senalizacion-para-emergencias-hidricas","status":"publish","type":"post","link":"https:\/\/www.facet.unt.edu.ar\/facetinforma\/2016\/06\/01\/jornada-de-trabajo-en-senalizacion-para-emergencias-hidricas\/","title":{"rendered":"Jornada de Trabajo en Se\u00f1alizaci\u00f3n para Emergencias H\u00eddricas"},"content":{"rendered":"<p><strong>La jornada, que cont\u00f3 con la presencia de acad\u00e9micos de la Facultad de Ciencias Exactas y Tecnolog\u00eda, funcionarios de ministerios nacionales y provinciales, tuvo como cierre la aprobaci\u00f3n del documento de la norma IRAM 3965.<br \/>\n<\/strong><!--more--><\/p>\n<p>El 19 de mayo del corriente a\u00f1o, en la sala de reuniones del Consejo Directivo de la Facultad de Ciencias Exactas y Tecnolog\u00edas (FACET) de la Universidad Nacional de Tucum\u00e1n, se llev\u00f3 a cabo una jornada de trabajo en el marco de la Reuni\u00f3n de Se\u00f1ales para Emergencias H\u00eddricas, para la formulaci\u00f3n de la norma IRAM 3965. Participaron Secretarios, Subsecretarios, Directores y Asesores del Ministerio del Interior (Naci\u00f3n), del Ministerio de la Producci\u00f3n (Tucum\u00e1n), del Ministerio del Agua y Medio Ambiente (Santiago del Estero), de la Secretaria del Agua (Santiago del Estero), de la Secretaria de Medio Ambiente (Tucum\u00e1n), de Recursos H\u00eddricos (Tucum\u00e1n), de la Direcci\u00f3n Provincial de Administraci\u00f3n de Riego (Catamarca), del Consejo Profesional de la Ingenier\u00eda en Tucum\u00e1n (COPIT), Subsecretaria de Defensa Civil (Salta), Defensa Civil (Tucum\u00e1n), Secretaria de Transporte (Chubut), AES Argentina, filial de\u00a0The AES Corporation (AES) Planta Salta, el Organismo Regulador de Presas (ORSEP), docentes de la Facultad y representantes del Instituto Argentino de Normalizaci\u00f3n y Certificaci\u00f3n (IRAM).<\/p>\n<p>La apertura del encuentro estuvo a cargo del Ing. Sergio Pagani &#8211; Decano de la FACET, el Ing. Mateo Bauza \u2013 Director Regional Norte de ORSEP y la Lic. Mariela Falcinelli del IRAM.<\/p>\n<p>Durante la jornada hubo \u00a0una serie de charlas que estuvieron a cargo a cargo del Ing. Marcos Casas (AES Argentina), quien se refiri\u00f3 al \u201cPlan de Acci\u00f3n Durante Emergencias de las presas Cabra Corral y El Tunal\u201d, la Ing. Hebe Barber (ORSEP-FACET) quien abord\u00f3 \u201cCasos hist\u00f3ricos de fallas de presas de embalse\u201d y el Ing. Ezequiel Teplitzky (ORSEP) que disert\u00f3 acerca del \u201cEstado actual de la se\u00f1aletica en Argentina y en el Mundo\u201d, que finalizaron\u00a0 con la disertaci\u00f3n de \u00a0Mariela Falcinelli de IRAM, quien puso en conocimiento los avances realizados respecto a la normativa, los cuales se discutieron en detalle.<\/p>\n<p>Como corolario de la jornada los m\u00e1s de treinta participantes, de forma un\u00e1nime, aprobaron el documento de la norma y se decidi\u00f3 someter a discusi\u00f3n p\u00fablica (proceso final para su aprobaci\u00f3n) a la norma IRAM 3965 &#8211; SE\u00d1ALIZACI\u00d3N PARA EMERGENCIAS H\u00cdDRICAS. PARTE 1 \u2013 LINEAMIENTOS PARA PRESAS.<\/p>\n<p><a href=\"https:\/\/www.facet.unt.edu.ar\/facetinforma\/wp-content\/uploads\/sites\/9\/2016\/06\/Jornada-Emergencias-H\u00eddricas.png\"><img decoding=\"async\" loading=\"lazy\" class=\"aligncenter  wp-image-10610\" src=\"https:\/\/www.facet.unt.edu.ar\/facetinforma\/wp-content\/uploads\/sites\/9\/2016\/06\/Jornada-Emergencias-H\u00eddricas.png\" alt=\"Jornada Emergencias H\u00eddricas\" width=\"535\" height=\"402\" srcset=\"https:\/\/www.facet.unt.edu.ar\/facetinforma\/wp-content\/uploads\/sites\/9\/2016\/06\/Jornada-Emergencias-H\u00eddricas.png 960w, https:\/\/www.facet.unt.edu.ar\/facetinforma\/wp-content\/uploads\/sites\/9\/2016\/06\/Jornada-Emergencias-H\u00eddricas-300x225.png 300w, https:\/\/www.facet.unt.edu.ar\/facetinforma\/wp-content\/uploads\/sites\/9\/2016\/06\/Jornada-Emergencias-H\u00eddricas-768x576.png 768w\" sizes=\"(max-width: 535px) 100vw, 535px\" \/><\/a><\/p>\n","protected":false},"excerpt":{"rendered":"<p>La jornada, que cont\u00f3 con la presencia de acad\u00e9micos de la Facultad de Ciencias Exactas y Tecnolog\u00eda, funcionarios de ministerios nacionales y provinciales, tuvo como cierre la aprobaci\u00f3n del documento de la norma IRAM 3965.<\/p>\n","protected":false},"author":6,"featured_media":0,"comment_status":"closed","ping_status":"closed","sticky":false,"template":"","format":"standard","meta":[],"categories":[5],"tags":[],"_links":{"self":[{"href":"https:\/\/www.facet.unt.edu.ar\/facetinforma\/wp-json\/wp\/v2\/posts\/10609"}],"collection":[{"href":"https:\/\/www.facet.unt.edu.ar\/facetinforma\/wp-json\/wp\/v2\/posts"}],"about":[{"href":"https:\/\/www.facet.unt.edu.ar\/facetinforma\/wp-json\/wp\/v2\/types\/post"}],"author":[{"embeddable":true,"href":"https:\/\/www.facet.unt.edu.ar\/facetinforma\/wp-json\/wp\/v2\/users\/6"}],"replies":[{"embeddable":true,"href":"https:\/\/www.facet.unt.edu.ar\/facetinforma\/wp-json\/wp\/v2\/comments?post=10609"}],"version-history":[{"count":1,"href":"https:\/\/www.facet.unt.edu.ar\/facetinforma\/wp-json\/wp\/v2\/posts\/10609\/revisions"}],"predecessor-version":[{"id":10611,"href":"https:\/\/www.facet.unt.edu.ar\/facetinforma\/wp-json\/wp\/v2\/posts\/10609\/revisions\/10611"}],"wp:attachment":[{"href":"https:\/\/www.facet.unt.edu.ar\/facetinforma\/wp-json\/wp\/v2\/media?parent=10609"}],"wp:term":[{"taxonomy":"category","embeddable":true,"href":"https:\/\/www.facet.unt.edu.ar\/facetinforma\/wp-json\/wp\/v2\/categories?post=10609"},{"taxonomy":"post_tag","embeddable":true,"href":"https:\/\/www.facet.unt.edu.ar\/facetinforma\/wp-json\/wp\/v2\/tags?post=10609"}],"curies":[{"name":"wp","href":"https:\/\/api.w.org\/{rel}","templated":true}]}}