{"id":10809,"date":"2016-06-29T12:24:39","date_gmt":"2016-06-29T15:24:39","guid":{"rendered":"https:\/\/www.facet.unt.edu.ar\/facetinforma\/?p=10809"},"modified":"2016-06-30T00:05:59","modified_gmt":"2016-06-30T03:05:59","slug":"taller-para-la-formulacion-de-bases-de-politicas-provinciales-de-gestion-integrada-de-sequias","status":"publish","type":"post","link":"https:\/\/www.facet.unt.edu.ar\/facetinforma\/2016\/06\/29\/taller-para-la-formulacion-de-bases-de-politicas-provinciales-de-gestion-integrada-de-sequias\/","title":{"rendered":"Taller para la Formulaci\u00f3n de Bases de Pol\u00edticas Provinciales de Gesti\u00f3n Integrada de Sequ\u00edas"},"content":{"rendered":"<p>Las sequ\u00edas son uno de los riesgos naturales m\u00e1s complejos y menos comprendidos, afectando a m\u00e1s personas que cualquier otro. Hay evidencia que el cambio clim\u00e1tico representa un factor clave en la distribuci\u00f3n espacial y temporal de las causas hidrometeorol\u00f3gicas de las sequ\u00edas. Desde que la sequ\u00eda se ha vuelto m\u00e1s frecuente, la sociedad se ha vuelto m\u00e1s consciente sobre este problema y se han logrado algunos avances en su abordaje. No obstante, estos esfuerzos son insuficientes y necesitan ser revisados y mejorados.\u00a0\u00a0 <!--more--><\/p>\n<p>El taller se realizar\u00e1 ma\u00f1ana Jueves 30 de Junio y el 1 de Julio del corriente a\u00f1o en el Centro Cultural Virla.<\/p>\n<p>Si bien las exposiciones de los especialistas son p\u00fablicas, el taller est\u00e1 dirigido a participantes seleccionados, provenientes de provincias del noroeste argentino afectadas por condiciones de sequ\u00edas y que est\u00e9n en posici\u00f3n de incidir en la toma de decisiones para impulsar el desarrollo de planes provinciales de gesti\u00f3n integrada de sequ\u00edas.<\/p>\n<p><span style=\"text-decoration: underline\">Objetivo general del taller<\/span>: sentar las bases para desarrollar un programa piloto de GWP Sudam\u00e9rica orientado a apoyar el desarrollo de pol\u00edticas provinciales y nacionales de gesti\u00f3n integrada de sequ\u00edas y extrapolar las lecciones aprendidas a otras regiones de Argentina y de otros pa\u00edses latinoamericanos.<\/p>\n<p>Los temas a tratar ser\u00e1n, entre otros: situaci\u00f3n general de las sequ\u00edas en Argentina y en el NOA, Experiencias de gesti\u00f3n integrada de sequ\u00edas y casos exitosos de gesti\u00f3n de sequ\u00edas a nivel de cuenca y local, bases para el monitoreo de sequ\u00edas, evaluaci\u00f3n de da\u00f1os y sistemas de alerta temprana, elementos clave de una Pol\u00edtica de Gesti\u00f3n Integrada\u00a0 de Sequ\u00edas, entre otros.<\/p>\n<p>Tambi\u00e9n se desarrollar\u00e1n conferencias de especialistas de M\u00e9xico, Espa\u00f1a y Argentina, posteriormente se realizar\u00e1n mesas de debate para elaboraci\u00f3n de propuestas de acci\u00f3n.<\/p>\n<p>El mismo es organizado por el <strong>Consejo H\u00eddrico Federal (COHIFE)<\/strong>, el <strong>Foro Argentino del Agua (GWP)<\/strong>, la <strong>Direcci\u00f3n de Recursos H\u00eddricos de Tucum\u00e1n<\/strong> y la <strong>Universidad Nacional de Tucum\u00e1n (UNT)<\/strong> a trav\u00e9s de su <strong>Laboratorio de Construcciones Hidr\u00e1ulicas<\/strong>.<\/p>\n<p>Para mayor informaci\u00f3n, se adjunta el siguiente archivo: <a href=\"https:\/\/www.facet.unt.edu.ar\/facetinforma\/wp-content\/uploads\/sites\/9\/2016\/06\/TRIPTICO.pdf\" target=\"_blank\">Tr\u00edptico.pdf<\/a><\/p>\n<p><a href=\"https:\/\/www.facet.unt.edu.ar\/facetinforma\/wp-content\/uploads\/sites\/9\/2016\/06\/taller-sequia-960.png\"><img decoding=\"async\" loading=\"lazy\" class=\"aligncenter wp-image-10837 \" src=\"https:\/\/www.facet.unt.edu.ar\/facetinforma\/wp-content\/uploads\/sites\/9\/2016\/06\/taller-sequia-960.png\" alt=\"taller sequia 960\" width=\"551\" height=\"551\" srcset=\"https:\/\/www.facet.unt.edu.ar\/facetinforma\/wp-content\/uploads\/sites\/9\/2016\/06\/taller-sequia-960.png 960w, https:\/\/www.facet.unt.edu.ar\/facetinforma\/wp-content\/uploads\/sites\/9\/2016\/06\/taller-sequia-960-150x150.png 150w, https:\/\/www.facet.unt.edu.ar\/facetinforma\/wp-content\/uploads\/sites\/9\/2016\/06\/taller-sequia-960-300x300.png 300w, https:\/\/www.facet.unt.edu.ar\/facetinforma\/wp-content\/uploads\/sites\/9\/2016\/06\/taller-sequia-960-768x768.png 768w\" sizes=\"(max-width: 551px) 100vw, 551px\" \/><\/a><\/p>\n<p>&nbsp;<\/p>\n","protected":false},"excerpt":{"rendered":"<p>Las sequ\u00edas son uno de los riesgos naturales m\u00e1s complejos y menos comprendidos, afectando a m\u00e1s personas que cualquier otro. Hay evidencia que el cambio clim\u00e1tico representa un factor clave en la distribuci\u00f3n espacial y temporal de las causas hidrometeorol\u00f3gicas de las sequ\u00edas. Desde que la sequ\u00eda se ha vuelto m\u00e1s frecuente, la sociedad se [&hellip;]<\/p>\n","protected":false},"author":6,"featured_media":0,"comment_status":"closed","ping_status":"closed","sticky":false,"template":"","format":"standard","meta":[],"categories":[5],"tags":[],"_links":{"self":[{"href":"https:\/\/www.facet.unt.edu.ar\/facetinforma\/wp-json\/wp\/v2\/posts\/10809"}],"collection":[{"href":"https:\/\/www.facet.unt.edu.ar\/facetinforma\/wp-json\/wp\/v2\/posts"}],"about":[{"href":"https:\/\/www.facet.unt.edu.ar\/facetinforma\/wp-json\/wp\/v2\/types\/post"}],"author":[{"embeddable":true,"href":"https:\/\/www.facet.unt.edu.ar\/facetinforma\/wp-json\/wp\/v2\/users\/6"}],"replies":[{"embeddable":true,"href":"https:\/\/www.facet.unt.edu.ar\/facetinforma\/wp-json\/wp\/v2\/comments?post=10809"}],"version-history":[{"count":9,"href":"https:\/\/www.facet.unt.edu.ar\/facetinforma\/wp-json\/wp\/v2\/posts\/10809\/revisions"}],"predecessor-version":[{"id":10826,"href":"https:\/\/www.facet.unt.edu.ar\/facetinforma\/wp-json\/wp\/v2\/posts\/10809\/revisions\/10826"}],"wp:attachment":[{"href":"https:\/\/www.facet.unt.edu.ar\/facetinforma\/wp-json\/wp\/v2\/media?parent=10809"}],"wp:term":[{"taxonomy":"category","embeddable":true,"href":"https:\/\/www.facet.unt.edu.ar\/facetinforma\/wp-json\/wp\/v2\/categories?post=10809"},{"taxonomy":"post_tag","embeddable":true,"href":"https:\/\/www.facet.unt.edu.ar\/facetinforma\/wp-json\/wp\/v2\/tags?post=10809"}],"curies":[{"name":"wp","href":"https:\/\/api.w.org\/{rel}","templated":true}]}}