{"id":10939,"date":"2016-08-04T12:02:39","date_gmt":"2016-08-04T15:02:39","guid":{"rendered":"https:\/\/www.facet.unt.edu.ar\/facetinforma\/?p=10939"},"modified":"2016-08-04T12:18:12","modified_gmt":"2016-08-04T15:18:12","slug":"iv-simposio-internacional-ensenanza-para-la-comprension-en-educacion-superior-siepces-iv","status":"publish","type":"post","link":"https:\/\/www.facet.unt.edu.ar\/facetinforma\/2016\/08\/04\/iv-simposio-internacional-ensenanza-para-la-comprension-en-educacion-superior-siepces-iv\/","title":{"rendered":"IV Simposio Internacional &#8220;Ense\u00f1anza para la Comprensi\u00f3n en Educaci\u00f3n Superior\u201d (SIEpCES IV)"},"content":{"rendered":"<p>La Facultad de Ciencias Exactas, Naturales y Agrimensura (FaCENA) de la Universidad Nacional del Nordeste (UNNE, Corrientes), informa que el <em>SIEpCES IV <\/em>se realizar\u00e1 en la Facultad de Ciencias Exactas, Naturales y Agrimensura (FaCENA) de la Universidad Nacional del Nordeste (UNNE, Corrientes) del 19 al 21 de Octubre de 2016.\u00a0\u00a0 <!--more--><\/p>\n<p>El plazo para la presentaci\u00f3n de res\u00famenes se ha extendido hasta el <strong>15 de Agosto de 2016<\/strong>.<\/p>\n<p><a href=\"https:\/\/www.facet.unt.edu.ar\/facetinforma\/wp-content\/uploads\/sites\/9\/2016\/08\/afiche-seminario.png\"><img decoding=\"async\" loading=\"lazy\" class=\"aligncenter  wp-image-10942\" src=\"https:\/\/www.facet.unt.edu.ar\/facetinforma\/wp-content\/uploads\/sites\/9\/2016\/08\/afiche-seminario.png\" alt=\"afiche seminario\" width=\"634\" height=\"950\" srcset=\"https:\/\/www.facet.unt.edu.ar\/facetinforma\/wp-content\/uploads\/sites\/9\/2016\/08\/afiche-seminario.png 2087w, https:\/\/www.facet.unt.edu.ar\/facetinforma\/wp-content\/uploads\/sites\/9\/2016\/08\/afiche-seminario-200x300.png 200w, https:\/\/www.facet.unt.edu.ar\/facetinforma\/wp-content\/uploads\/sites\/9\/2016\/08\/afiche-seminario-768x1151.png 768w, https:\/\/www.facet.unt.edu.ar\/facetinforma\/wp-content\/uploads\/sites\/9\/2016\/08\/afiche-seminario-683x1024.png 683w\" sizes=\"(max-width: 634px) 100vw, 634px\" \/><\/a><\/p>\n","protected":false},"excerpt":{"rendered":"<p>La Facultad de Ciencias Exactas, Naturales y Agrimensura (FaCENA) de la Universidad Nacional del Nordeste (UNNE, Corrientes), informa que el SIEpCES IV se realizar\u00e1 en la Facultad de Ciencias Exactas, Naturales y Agrimensura (FaCENA) de la Universidad Nacional del Nordeste (UNNE, Corrientes) del 19 al 21 de Octubre de 2016.\u00a0\u00a0<\/p>\n","protected":false},"author":6,"featured_media":0,"comment_status":"closed","ping_status":"closed","sticky":false,"template":"","format":"standard","meta":[],"categories":[5],"tags":[],"_links":{"self":[{"href":"https:\/\/www.facet.unt.edu.ar\/facetinforma\/wp-json\/wp\/v2\/posts\/10939"}],"collection":[{"href":"https:\/\/www.facet.unt.edu.ar\/facetinforma\/wp-json\/wp\/v2\/posts"}],"about":[{"href":"https:\/\/www.facet.unt.edu.ar\/facetinforma\/wp-json\/wp\/v2\/types\/post"}],"author":[{"embeddable":true,"href":"https:\/\/www.facet.unt.edu.ar\/facetinforma\/wp-json\/wp\/v2\/users\/6"}],"replies":[{"embeddable":true,"href":"https:\/\/www.facet.unt.edu.ar\/facetinforma\/wp-json\/wp\/v2\/comments?post=10939"}],"version-history":[{"count":3,"href":"https:\/\/www.facet.unt.edu.ar\/facetinforma\/wp-json\/wp\/v2\/posts\/10939\/revisions"}],"predecessor-version":[{"id":10943,"href":"https:\/\/www.facet.unt.edu.ar\/facetinforma\/wp-json\/wp\/v2\/posts\/10939\/revisions\/10943"}],"wp:attachment":[{"href":"https:\/\/www.facet.unt.edu.ar\/facetinforma\/wp-json\/wp\/v2\/media?parent=10939"}],"wp:term":[{"taxonomy":"category","embeddable":true,"href":"https:\/\/www.facet.unt.edu.ar\/facetinforma\/wp-json\/wp\/v2\/categories?post=10939"},{"taxonomy":"post_tag","embeddable":true,"href":"https:\/\/www.facet.unt.edu.ar\/facetinforma\/wp-json\/wp\/v2\/tags?post=10939"}],"curies":[{"name":"wp","href":"https:\/\/api.w.org\/{rel}","templated":true}]}}