{"id":10944,"date":"2016-08-04T17:08:55","date_gmt":"2016-08-04T20:08:55","guid":{"rendered":"https:\/\/www.facet.unt.edu.ar\/facetinforma\/?p=10944"},"modified":"2016-08-04T17:41:50","modified_gmt":"2016-08-04T20:41:50","slug":"v-encuentro-argentino-de-ciclo-de-vida","status":"publish","type":"post","link":"https:\/\/www.facet.unt.edu.ar\/facetinforma\/2016\/08\/04\/v-encuentro-argentino-de-ciclo-de-vida\/","title":{"rendered":"V Encuentro Argentino de Ciclo de Vida"},"content":{"rendered":"<p>Los miembros de la Red Argentina de Ciclo de Vida (RACV), conjuntamente con el Instituto Nacional de Tecnolog\u00eda Agropecuaria (INTA) y la Estaci\u00f3n Experimental Agroindustrial Obispo Colombres (EEAOC), informan de la realizaci\u00f3n del V Encuentro Argentino de Ciclo de Vida, a realizarse los d\u00edas 22 y 23 de Septiembre en la provincia de Tucum\u00e1n.\u00a0\u00a0 <!--more--><\/p>\n<p>La Red Argentina de Ciclo de Vida es una agrupaci\u00f3n de diversas organizaciones, como universidades, centros tecnol\u00f3gicos, entes de normalizaci\u00f3n, empresas, asociaciones profesionales, entes gubernamentales, profesionales individuales y estudiantes de los pa\u00edses de Iberoam\u00e9rica que comparten una visi\u00f3n y objetivos centrados en el pensamiento de ciclo de vida.\u00a0 Se form\u00f3 durante la III Conferencia Internacional sobre An\u00e1lisis de Ciclo de Vida en Puc\u00f3n, Chile en el a\u00f1o 2009.<\/p>\n<p>Por mayores informes:\u00a0 <a href=\"https:\/\/redargentinadehuellahidrica.wordpress.com\/eventos\/enarciv-2016\/\" target=\"_blank\">https:\/\/redargentinadehuellahidrica.wordpress.com\/eventos\/enarciv-2016\/<\/a><\/p>\n<p>La modalidad de participaci\u00f3n es a trav\u00e9s de presentaciones orales y p\u00f3steres.<\/p>\n<p><span style=\"text-decoration: underline\">Nombres y direcciones de contacto<\/span>:<br \/>\nPatricia Garolera De Nucci, <a href=\"mailto:pgarolera@eeaoc.org.ar\">pgarolera@eeaoc.org.ar<\/a><br \/>\nGonzalo A. P\u00e9rez, <a href=\"mailto:perez.ga@inta.gob.ar\">perez.ga@inta.gob.ar<\/a><br \/>\nAndrea Nishihara Hun , <a href=\"mailto:anishihara@herrera.unt.edu.ar\">anishihara@herrera.unt.edu.ar<\/a><br \/>\nFernando D. Mele,\u00a0<a href=\"mailto:fmele@herrera.unt.edu.ar\">fmele@herrera.unt.edu.ar<\/a><\/p>\n<p><a href=\"https:\/\/www.facet.unt.edu.ar\/facetinforma\/wp-content\/uploads\/sites\/9\/2016\/08\/Encuentro-Ciclo-de-Vida.png\"><img decoding=\"async\" loading=\"lazy\" class=\"aligncenter wp-image-10945\" src=\"https:\/\/www.facet.unt.edu.ar\/facetinforma\/wp-content\/uploads\/sites\/9\/2016\/08\/Encuentro-Ciclo-de-Vida.png\" alt=\"Encuentro Ciclo de Vida\" width=\"603\" height=\"870\" srcset=\"https:\/\/www.facet.unt.edu.ar\/facetinforma\/wp-content\/uploads\/sites\/9\/2016\/08\/Encuentro-Ciclo-de-Vida.png 2254w, https:\/\/www.facet.unt.edu.ar\/facetinforma\/wp-content\/uploads\/sites\/9\/2016\/08\/Encuentro-Ciclo-de-Vida-208x300.png 208w, https:\/\/www.facet.unt.edu.ar\/facetinforma\/wp-content\/uploads\/sites\/9\/2016\/08\/Encuentro-Ciclo-de-Vida-768x1108.png 768w, https:\/\/www.facet.unt.edu.ar\/facetinforma\/wp-content\/uploads\/sites\/9\/2016\/08\/Encuentro-Ciclo-de-Vida-710x1024.png 710w\" sizes=\"(max-width: 603px) 100vw, 603px\" \/><\/a><\/p>\n","protected":false},"excerpt":{"rendered":"<p>Los miembros de la Red Argentina de Ciclo de Vida (RACV), conjuntamente con el Instituto Nacional de Tecnolog\u00eda Agropecuaria (INTA) y la Estaci\u00f3n Experimental Agroindustrial Obispo Colombres (EEAOC), informan de la realizaci\u00f3n del V Encuentro Argentino de Ciclo de Vida, a realizarse los d\u00edas 22 y 23 de Septiembre en la provincia de Tucum\u00e1n.\u00a0\u00a0<\/p>\n","protected":false},"author":6,"featured_media":0,"comment_status":"closed","ping_status":"closed","sticky":false,"template":"","format":"standard","meta":[],"categories":[5],"tags":[],"_links":{"self":[{"href":"https:\/\/www.facet.unt.edu.ar\/facetinforma\/wp-json\/wp\/v2\/posts\/10944"}],"collection":[{"href":"https:\/\/www.facet.unt.edu.ar\/facetinforma\/wp-json\/wp\/v2\/posts"}],"about":[{"href":"https:\/\/www.facet.unt.edu.ar\/facetinforma\/wp-json\/wp\/v2\/types\/post"}],"author":[{"embeddable":true,"href":"https:\/\/www.facet.unt.edu.ar\/facetinforma\/wp-json\/wp\/v2\/users\/6"}],"replies":[{"embeddable":true,"href":"https:\/\/www.facet.unt.edu.ar\/facetinforma\/wp-json\/wp\/v2\/comments?post=10944"}],"version-history":[{"count":3,"href":"https:\/\/www.facet.unt.edu.ar\/facetinforma\/wp-json\/wp\/v2\/posts\/10944\/revisions"}],"predecessor-version":[{"id":10959,"href":"https:\/\/www.facet.unt.edu.ar\/facetinforma\/wp-json\/wp\/v2\/posts\/10944\/revisions\/10959"}],"wp:attachment":[{"href":"https:\/\/www.facet.unt.edu.ar\/facetinforma\/wp-json\/wp\/v2\/media?parent=10944"}],"wp:term":[{"taxonomy":"category","embeddable":true,"href":"https:\/\/www.facet.unt.edu.ar\/facetinforma\/wp-json\/wp\/v2\/categories?post=10944"},{"taxonomy":"post_tag","embeddable":true,"href":"https:\/\/www.facet.unt.edu.ar\/facetinforma\/wp-json\/wp\/v2\/tags?post=10944"}],"curies":[{"name":"wp","href":"https:\/\/api.w.org\/{rel}","templated":true}]}}