{"id":11099,"date":"2016-08-19T09:25:25","date_gmt":"2016-08-19T12:25:25","guid":{"rendered":"https:\/\/www.facet.unt.edu.ar\/facetinforma\/?p=11099"},"modified":"2016-08-18T21:10:01","modified_gmt":"2016-08-19T00:10:01","slug":"schlumberger-jornada-de-reclutamiento-5","status":"publish","type":"post","link":"https:\/\/www.facet.unt.edu.ar\/facetinforma\/2016\/08\/19\/schlumberger-jornada-de-reclutamiento-5\/","title":{"rendered":"SCHLUMBERGER \u2013 Jornada de Reclutamiento"},"content":{"rendered":"<p>Si sos Alumno del \u00faltimo a\u00f1o o est\u00e1s recientemente Graduado de las carreras de Ingenier\u00eda Civil, Ingenier\u00eda El\u00e9ctrica, Ingenier\u00eda Electr\u00f3nica, Ingenier\u00eda en Computaci\u00f3n, Ingenier\u00eda Geod\u00e9sica y Geof\u00edsica, Ingenier\u00eda Industrial, Ingenier\u00eda Mec\u00e1nica e Ingenier\u00eda Qu\u00edmica de la FACET, y te interesa formar parte de una Compa\u00f1\u00eda Multinacional de Servicios Petroleros, SCHLUMBERGER te espera el d\u00eda VIERNES 26 DE AGOSTO a las 09:00 HS. en la SALA DE MEDIOS AUDIOVISUALES para conocer informaci\u00f3n sobre la compa\u00f1\u00eda (Presentaci\u00f3n Institucional) y si te interesa, poder aplicar (traer hojas y lapicera).\u00a0\u00a0 <!--more--><\/p>\n<p><a href=\"https:\/\/www.facet.unt.edu.ar\/facetinforma\/wp-content\/uploads\/sites\/9\/2016\/08\/JORNADA-DE-RECLUTAMIENTO-SCHLUMBERGER.png\"><img decoding=\"async\" loading=\"lazy\" class=\"aligncenter wp-image-11100\" src=\"https:\/\/www.facet.unt.edu.ar\/facetinforma\/wp-content\/uploads\/sites\/9\/2016\/08\/JORNADA-DE-RECLUTAMIENTO-SCHLUMBERGER.png\" alt=\"JORNADA DE RECLUTAMIENTO SCHLUMBERGER\" width=\"642\" height=\"642\" srcset=\"https:\/\/www.facet.unt.edu.ar\/facetinforma\/wp-content\/uploads\/sites\/9\/2016\/08\/JORNADA-DE-RECLUTAMIENTO-SCHLUMBERGER.png 960w, https:\/\/www.facet.unt.edu.ar\/facetinforma\/wp-content\/uploads\/sites\/9\/2016\/08\/JORNADA-DE-RECLUTAMIENTO-SCHLUMBERGER-150x150.png 150w, https:\/\/www.facet.unt.edu.ar\/facetinforma\/wp-content\/uploads\/sites\/9\/2016\/08\/JORNADA-DE-RECLUTAMIENTO-SCHLUMBERGER-300x300.png 300w, https:\/\/www.facet.unt.edu.ar\/facetinforma\/wp-content\/uploads\/sites\/9\/2016\/08\/JORNADA-DE-RECLUTAMIENTO-SCHLUMBERGER-768x768.png 768w\" sizes=\"(max-width: 642px) 100vw, 642px\" \/><\/a><\/p>\n<p>Atentamente,<\/p>\n<p>&#8212;<br \/>\nIng. Marcelo Emilio Leiva<br \/>\nCoordinador de Pasant\u00edas y Becas<br \/>\nSecretar\u00eda de Bienestar Estudiantil<br \/>\nFACET &#8211; UNT<\/p>\n","protected":false},"excerpt":{"rendered":"<p>Si sos Alumno del \u00faltimo a\u00f1o o est\u00e1s recientemente Graduado de las carreras de Ingenier\u00eda Civil, Ingenier\u00eda El\u00e9ctrica, Ingenier\u00eda Electr\u00f3nica, Ingenier\u00eda en Computaci\u00f3n, Ingenier\u00eda Geod\u00e9sica y Geof\u00edsica, Ingenier\u00eda Industrial, Ingenier\u00eda Mec\u00e1nica e Ingenier\u00eda Qu\u00edmica de la FACET, y te interesa formar parte de una Compa\u00f1\u00eda Multinacional de Servicios Petroleros, SCHLUMBERGER te espera el d\u00eda VIERNES [&hellip;]<\/p>\n","protected":false},"author":6,"featured_media":0,"comment_status":"closed","ping_status":"closed","sticky":false,"template":"","format":"standard","meta":[],"categories":[5,6],"tags":[],"_links":{"self":[{"href":"https:\/\/www.facet.unt.edu.ar\/facetinforma\/wp-json\/wp\/v2\/posts\/11099"}],"collection":[{"href":"https:\/\/www.facet.unt.edu.ar\/facetinforma\/wp-json\/wp\/v2\/posts"}],"about":[{"href":"https:\/\/www.facet.unt.edu.ar\/facetinforma\/wp-json\/wp\/v2\/types\/post"}],"author":[{"embeddable":true,"href":"https:\/\/www.facet.unt.edu.ar\/facetinforma\/wp-json\/wp\/v2\/users\/6"}],"replies":[{"embeddable":true,"href":"https:\/\/www.facet.unt.edu.ar\/facetinforma\/wp-json\/wp\/v2\/comments?post=11099"}],"version-history":[{"count":2,"href":"https:\/\/www.facet.unt.edu.ar\/facetinforma\/wp-json\/wp\/v2\/posts\/11099\/revisions"}],"predecessor-version":[{"id":11102,"href":"https:\/\/www.facet.unt.edu.ar\/facetinforma\/wp-json\/wp\/v2\/posts\/11099\/revisions\/11102"}],"wp:attachment":[{"href":"https:\/\/www.facet.unt.edu.ar\/facetinforma\/wp-json\/wp\/v2\/media?parent=11099"}],"wp:term":[{"taxonomy":"category","embeddable":true,"href":"https:\/\/www.facet.unt.edu.ar\/facetinforma\/wp-json\/wp\/v2\/categories?post=11099"},{"taxonomy":"post_tag","embeddable":true,"href":"https:\/\/www.facet.unt.edu.ar\/facetinforma\/wp-json\/wp\/v2\/tags?post=11099"}],"curies":[{"name":"wp","href":"https:\/\/api.w.org\/{rel}","templated":true}]}}