{"id":11127,"date":"2016-08-23T17:37:18","date_gmt":"2016-08-23T20:37:18","guid":{"rendered":"https:\/\/www.facet.unt.edu.ar\/facetinforma\/?p=11127"},"modified":"2016-08-23T18:47:55","modified_gmt":"2016-08-23T21:47:55","slug":"tedx-untucuman-2016-oradores","status":"publish","type":"post","link":"https:\/\/www.facet.unt.edu.ar\/facetinforma\/2016\/08\/23\/tedx-untucuman-2016-oradores\/","title":{"rendered":"TEDx UNTucum\u00e1n 2016- Oradores"},"content":{"rendered":"<p>Te invitamos a participar del 2do TEDx UNTucum\u00e1n que se llevar\u00e1 a cabo este Viernes 26 de Agosto a horas 9 en\u00a0el Anfiteatro del Centro Cultural Eugenio F. Virla, sito en 25 de Mayo N\u00b0 265.\u00a0\u00a0 <!--more--><\/p>\n<p>La tem\u00e1tica escogida para este TEDx,\u00a0es la <strong>Libertad<\/strong>, en honor al Bicentenario de nuestro pa\u00eds.<\/p>\n<p>Los oradores son:<\/p>\n<ul>\n<li><strong>Gustavo Restrepo<\/strong> &#8211; &#8220;Libertad en construcci\u00f3n&#8221;<\/li>\n<li><strong>Ana Nieves Rodr\u00edguez &amp; Mar\u00eda Fernanda Ju\u00e1rez<\/strong> &#8211; &#8220;No ver para creer&#8221;<\/li>\n<li><strong>V\u00edctor Iajya<\/strong> &#8211; &#8220;Llevo la econom\u00eda en la sangre&#8221;<\/li>\n<li><strong>Gustavo Escalante &amp; Luis Albornoz<\/strong> &#8211; &#8220;El Laberinto&#8221;<\/li>\n<li><strong>Luis Yanicelli<\/strong> &#8211; &#8220;Generaci\u00f3n del Bicentenario&#8221;<\/li>\n<li><strong>Timmy Aciar<\/strong> &#8211; &#8220;Acceder a las tecnolog\u00edas, transformando sus murallas&#8221;<\/li>\n<\/ul>\n<p>Es un evento gratuito, con inscripci\u00f3n previa. Todav\u00eda est\u00e1s a tiempo de inscribirte: <a href=\"https:\/\/www.facebook.com\/l.php?u=https%3A%2F%2Ftedxunt.eventbrite.com.ar%2F&amp;h=mAQHtwu1_AQGSip7fL92pzoQpSE5OsWw7H42YzgUJ3MH-nw&amp;enc=AZNuR_Dq_owsBeJ_wJ83ciyNL04p9GvrDhXuJLz3MTPX9IigB_ZKfz6qHcAzLtfkQtHeC4B_4jBdNHW_YL__4cv9AhcYHT8e8LVt4oEDlJY9fvhFTp6TuDw6aO-EII4y7C0wnOZ5039xa7pbQI0uyEOmsJur9h_nwPk4-jZJ5h26vHyNH0_AXkgcNjRShNKjOWzEvv_TH_q-5fT0BjGScdbj&amp;s=1\" target=\"_blank\" rel=\"nofollow\">https:\/\/tedxunt.eventbrite.com.ar<\/a>. Las inscripciones cierran ma\u00f1ana al mediod\u00eda. Luego se realizar\u00e1 el sorteo de las entradas y se informar\u00e1 por mail a los ganadores.<\/p>\n<p>Consultas: <a href=\"mailto:tedexunt@gmail.com\">tedexunt@gmail.com<\/a><\/p>\n<p><a href=\"https:\/\/www.facebook.com\/facet.unt\/\" target=\"_blank\"><img decoding=\"async\" loading=\"lazy\" class=\"aligncenter wp-image-11134\" src=\"https:\/\/www.facet.unt.edu.ar\/facetinforma\/wp-content\/uploads\/sites\/9\/2016\/08\/ORADORES-TEDx-2016.png\" alt=\"ORADORES TEDx 2016\" width=\"627\" height=\"627\" srcset=\"https:\/\/www.facet.unt.edu.ar\/facetinforma\/wp-content\/uploads\/sites\/9\/2016\/08\/ORADORES-TEDx-2016.png 960w, https:\/\/www.facet.unt.edu.ar\/facetinforma\/wp-content\/uploads\/sites\/9\/2016\/08\/ORADORES-TEDx-2016-150x150.png 150w, https:\/\/www.facet.unt.edu.ar\/facetinforma\/wp-content\/uploads\/sites\/9\/2016\/08\/ORADORES-TEDx-2016-300x300.png 300w, https:\/\/www.facet.unt.edu.ar\/facetinforma\/wp-content\/uploads\/sites\/9\/2016\/08\/ORADORES-TEDx-2016-768x768.png 768w\" sizes=\"(max-width: 627px) 100vw, 627px\" \/><\/a><\/p>\n<p>&nbsp;<\/p>\n","protected":false},"excerpt":{"rendered":"<p>Te invitamos a participar del 2do TEDx UNTucum\u00e1n que se llevar\u00e1 a cabo este Viernes 26 de Agosto a horas 9 en\u00a0el Anfiteatro del Centro Cultural Eugenio F. Virla, sito en 25 de Mayo N\u00b0 265.\u00a0\u00a0<\/p>\n","protected":false},"author":6,"featured_media":0,"comment_status":"closed","ping_status":"closed","sticky":false,"template":"","format":"standard","meta":[],"categories":[5],"tags":[],"_links":{"self":[{"href":"https:\/\/www.facet.unt.edu.ar\/facetinforma\/wp-json\/wp\/v2\/posts\/11127"}],"collection":[{"href":"https:\/\/www.facet.unt.edu.ar\/facetinforma\/wp-json\/wp\/v2\/posts"}],"about":[{"href":"https:\/\/www.facet.unt.edu.ar\/facetinforma\/wp-json\/wp\/v2\/types\/post"}],"author":[{"embeddable":true,"href":"https:\/\/www.facet.unt.edu.ar\/facetinforma\/wp-json\/wp\/v2\/users\/6"}],"replies":[{"embeddable":true,"href":"https:\/\/www.facet.unt.edu.ar\/facetinforma\/wp-json\/wp\/v2\/comments?post=11127"}],"version-history":[{"count":6,"href":"https:\/\/www.facet.unt.edu.ar\/facetinforma\/wp-json\/wp\/v2\/posts\/11127\/revisions"}],"predecessor-version":[{"id":11136,"href":"https:\/\/www.facet.unt.edu.ar\/facetinforma\/wp-json\/wp\/v2\/posts\/11127\/revisions\/11136"}],"wp:attachment":[{"href":"https:\/\/www.facet.unt.edu.ar\/facetinforma\/wp-json\/wp\/v2\/media?parent=11127"}],"wp:term":[{"taxonomy":"category","embeddable":true,"href":"https:\/\/www.facet.unt.edu.ar\/facetinforma\/wp-json\/wp\/v2\/categories?post=11127"},{"taxonomy":"post_tag","embeddable":true,"href":"https:\/\/www.facet.unt.edu.ar\/facetinforma\/wp-json\/wp\/v2\/tags?post=11127"}],"curies":[{"name":"wp","href":"https:\/\/api.w.org\/{rel}","templated":true}]}}