{"id":11218,"date":"2016-09-02T14:22:22","date_gmt":"2016-09-02T17:22:22","guid":{"rendered":"https:\/\/www.facet.unt.edu.ar\/facetinforma\/?p=11218"},"modified":"2016-09-02T14:22:22","modified_gmt":"2016-09-02T17:22:22","slug":"moviles-del-registro-civil-en-la-facet","status":"publish","type":"post","link":"https:\/\/www.facet.unt.edu.ar\/facetinforma\/2016\/09\/02\/moviles-del-registro-civil-en-la-facet\/","title":{"rendered":"M\u00f3viles del Registro Civil en la FACET"},"content":{"rendered":"<p>Se informa a alumnos, docentes, no docentes y p\u00fablico en general, que el pr\u00f3ximo Lunes 5 y Martes 6 de Septiembre de 9 a 13 hs podr\u00e1n realizar los tr\u00e1mites para sacar o renovar el DNI y\/o el pasaporte en nuestra Facultad (Sala de Medios Audiovisuales).\u00a0\u00a0 <!--more--><\/p>\n<p>Los interesados que realicen el tr\u00e1mite, deber\u00e1n luego, retirar su documentaci\u00f3n en las sedes del Registro Civil.<\/p>\n<p><strong><u>NUEVO DNI &#8211; Requisitos<\/u><\/strong>:<br \/>\n<u>Menores<\/u>: Acta de nacimiento actualizada &#8211; Presencia con DNI del Padre o Madre.<br \/>\n<u>Mayores<\/u>: Presencia del Solicitante.<br \/>\n<u>Cambio de Domicilio<\/u>: Boleta de Servicio<\/p>\n<p><u>Costo<\/u>: $ 60<\/p>\n<p><strong><u>PASAPORTE \u2013 Requisitos<\/u><\/strong>:<br \/>\n<u>Menores<\/u>: DNI &#8211; Presencia del Menor &#8211; Presencia de ambos Padres o Acta de Matrimonio.<br \/>\n<u>Mayores<\/u>: Presencia del Solicitante.<\/p>\n<p><u>Costo<\/u>: $ 550<br \/>\n<u>Express<\/u>: $ 1250 (48 hs)<\/p>\n<p>Tambi\u00e9n habr\u00e1 una mesa para que se interioricen de las gestiones que pueden realizar, tales como actas y otras similares.<\/p>\n<p><a href=\"https:\/\/www.facet.unt.edu.ar\/facetinforma\/wp-content\/uploads\/sites\/9\/2016\/09\/DNI.png\"><img decoding=\"async\" loading=\"lazy\" class=\"aligncenter  wp-image-11219\" src=\"https:\/\/www.facet.unt.edu.ar\/facetinforma\/wp-content\/uploads\/sites\/9\/2016\/09\/DNI.png\" alt=\"DNI\" width=\"519\" height=\"519\" srcset=\"https:\/\/www.facet.unt.edu.ar\/facetinforma\/wp-content\/uploads\/sites\/9\/2016\/09\/DNI.png 960w, https:\/\/www.facet.unt.edu.ar\/facetinforma\/wp-content\/uploads\/sites\/9\/2016\/09\/DNI-150x150.png 150w, https:\/\/www.facet.unt.edu.ar\/facetinforma\/wp-content\/uploads\/sites\/9\/2016\/09\/DNI-300x300.png 300w, https:\/\/www.facet.unt.edu.ar\/facetinforma\/wp-content\/uploads\/sites\/9\/2016\/09\/DNI-768x768.png 768w\" sizes=\"(max-width: 519px) 100vw, 519px\" \/><\/a><\/p>\n","protected":false},"excerpt":{"rendered":"<p>Se informa a alumnos, docentes, no docentes y p\u00fablico en general, que el pr\u00f3ximo Lunes 5 y Martes 6 de Septiembre de 9 a 13 hs podr\u00e1n realizar los tr\u00e1mites para sacar o renovar el DNI y\/o el pasaporte en nuestra Facultad (Sala de Medios Audiovisuales).\u00a0\u00a0<\/p>\n","protected":false},"author":6,"featured_media":0,"comment_status":"closed","ping_status":"closed","sticky":false,"template":"","format":"standard","meta":[],"categories":[5],"tags":[],"_links":{"self":[{"href":"https:\/\/www.facet.unt.edu.ar\/facetinforma\/wp-json\/wp\/v2\/posts\/11218"}],"collection":[{"href":"https:\/\/www.facet.unt.edu.ar\/facetinforma\/wp-json\/wp\/v2\/posts"}],"about":[{"href":"https:\/\/www.facet.unt.edu.ar\/facetinforma\/wp-json\/wp\/v2\/types\/post"}],"author":[{"embeddable":true,"href":"https:\/\/www.facet.unt.edu.ar\/facetinforma\/wp-json\/wp\/v2\/users\/6"}],"replies":[{"embeddable":true,"href":"https:\/\/www.facet.unt.edu.ar\/facetinforma\/wp-json\/wp\/v2\/comments?post=11218"}],"version-history":[{"count":1,"href":"https:\/\/www.facet.unt.edu.ar\/facetinforma\/wp-json\/wp\/v2\/posts\/11218\/revisions"}],"predecessor-version":[{"id":11220,"href":"https:\/\/www.facet.unt.edu.ar\/facetinforma\/wp-json\/wp\/v2\/posts\/11218\/revisions\/11220"}],"wp:attachment":[{"href":"https:\/\/www.facet.unt.edu.ar\/facetinforma\/wp-json\/wp\/v2\/media?parent=11218"}],"wp:term":[{"taxonomy":"category","embeddable":true,"href":"https:\/\/www.facet.unt.edu.ar\/facetinforma\/wp-json\/wp\/v2\/categories?post=11218"},{"taxonomy":"post_tag","embeddable":true,"href":"https:\/\/www.facet.unt.edu.ar\/facetinforma\/wp-json\/wp\/v2\/tags?post=11218"}],"curies":[{"name":"wp","href":"https:\/\/api.w.org\/{rel}","templated":true}]}}