{"id":11300,"date":"2016-09-14T11:31:56","date_gmt":"2016-09-14T14:31:56","guid":{"rendered":"https:\/\/www.facet.unt.edu.ar\/facetinforma\/?p=11300"},"modified":"2016-09-14T11:32:21","modified_gmt":"2016-09-14T14:32:21","slug":"busqueda-laboral-importante-empresa-de-desarrollo-tecnologico-3","status":"publish","type":"post","link":"https:\/\/www.facet.unt.edu.ar\/facetinforma\/2016\/09\/14\/busqueda-laboral-importante-empresa-de-desarrollo-tecnologico-3\/","title":{"rendered":"B\u00fasqueda Laboral IMPORTANTE EMPRESA DE DESARROLLO TECNOL\u00d3GICO"},"content":{"rendered":"<p>IMPORTANTE EMPRESA DE DESARROLLO TECNOL\u00d3GICO se encuentra en la b\u00fasqueda de Alumno\/as Avanzado\/as pr\u00f3ximos a Graduarse o Graduado\/as de las Carreras de Ing. en Computaci\u00f3n o Lic. en Inform\u00e1tica y Graduado\/as de la Carrera de Programador Universitario de la FACET para cumplir las funciones de Analista Programador.\u00a0\u00a0 <!--more--><\/p>\n<p><u>DESCRIPCI\u00d3N DE TAREA\/S Y\/O RESPONSABILIDAD\/ES:<\/u><br \/>\n\u00d8\u00a0Participar en grandes proyectos relacionado con el Desarrollo de Aplicaciones Web. Como miembro del equipo, tendr\u00e1n la posibilidad de trabajar con la tecnolog\u00eda y las pr\u00e1cticas m\u00e1s avanzadas del desarrollo web: ASP.Net Java Script AJAX HTML CSS Lenguaje C# MVC 4.<\/p>\n<p><u>REQUISITO\/S Y\/O CONOCIMIENTO\/S:<\/u><br \/>\n\u00d8\u00a0Alumno\/as Avanzado\/as pr\u00f3ximos a Graduarse y Graduado\/as de las Carreras de Ingenier\u00eda en Computaci\u00f3n o Licenciatura en Inform\u00e1tica, o Graduado\/as de la Carrera de Programador Universitario de la FACET.<br \/>\n\u00d8\u00a0Un a\u00f1o de Experiencia comprobable en Desarrollo Web.<br \/>\n\u00d8\u00a0Conocimientos s\u00f3lidos en Programaci\u00f3n orientada a Objetos.<br \/>\n\u00d8\u00a0Conocimientos en Base de Datos.<br \/>\n\u00d8\u00a0Conocimientos de Ingl\u00e9s T\u00e9cnico.<\/p>\n<p><u>SE OFRECE:<\/u><br \/>\n\u00d8\u00a0Incorporaci\u00f3n inmediata a la empresa. Jornada laboral de lunes a viernes. (08.00 a 17.00 hs). Programa de capacitaci\u00f3n. Excelente clima laboral.<\/p>\n<p>Los interesados deben enviar su CV CON FOTO indicando Disponibilidad Horaria y REMUNERACI\u00d3N PRETENDIDA, hasta el <strong>Lunes 19 de Septiembre de 2016<\/strong> a <a href=\"mailto:sae.facet@gmail.com\">sae.facet@gmail.com<\/a> destacando en el Asunto del mail la palabra: \u201cPROGRAMADOR\u201d.<\/p>\n<p>Adjuntar el CV con el formato: DNI-NombreCompleto.doc \u00f3 DNI-NombreCompleto.pdf. Ejemplo: 12345678-MarianaGarcia.pdf<\/p>\n<p>IMPORTANTE: NO SE RECIBIR\u00c1N ARCHIVOS DE M\u00c1S DE 500 KB.<\/p>\n<p>Atentamente,<\/p>\n<p>&#8212;<br \/>\nIng. Marcelo Emilio Leiva<br \/>\nCoordinador de Pasant\u00edas y Becas<br \/>\nSecretar\u00eda de Bienestar Estudiantil<br \/>\nFACET &#8211; UNT<\/p>\n","protected":false},"excerpt":{"rendered":"<p>IMPORTANTE EMPRESA DE DESARROLLO TECNOL\u00d3GICO se encuentra en la b\u00fasqueda de Alumno\/as Avanzado\/as pr\u00f3ximos a Graduarse o Graduado\/as de las Carreras de Ing. en Computaci\u00f3n o Lic. en Inform\u00e1tica y Graduado\/as de la Carrera de Programador Universitario de la FACET para cumplir las funciones de Analista Programador.\u00a0\u00a0<\/p>\n","protected":false},"author":6,"featured_media":0,"comment_status":"closed","ping_status":"closed","sticky":false,"template":"","format":"standard","meta":[],"categories":[5,6],"tags":[],"_links":{"self":[{"href":"https:\/\/www.facet.unt.edu.ar\/facetinforma\/wp-json\/wp\/v2\/posts\/11300"}],"collection":[{"href":"https:\/\/www.facet.unt.edu.ar\/facetinforma\/wp-json\/wp\/v2\/posts"}],"about":[{"href":"https:\/\/www.facet.unt.edu.ar\/facetinforma\/wp-json\/wp\/v2\/types\/post"}],"author":[{"embeddable":true,"href":"https:\/\/www.facet.unt.edu.ar\/facetinforma\/wp-json\/wp\/v2\/users\/6"}],"replies":[{"embeddable":true,"href":"https:\/\/www.facet.unt.edu.ar\/facetinforma\/wp-json\/wp\/v2\/comments?post=11300"}],"version-history":[{"count":2,"href":"https:\/\/www.facet.unt.edu.ar\/facetinforma\/wp-json\/wp\/v2\/posts\/11300\/revisions"}],"predecessor-version":[{"id":11302,"href":"https:\/\/www.facet.unt.edu.ar\/facetinforma\/wp-json\/wp\/v2\/posts\/11300\/revisions\/11302"}],"wp:attachment":[{"href":"https:\/\/www.facet.unt.edu.ar\/facetinforma\/wp-json\/wp\/v2\/media?parent=11300"}],"wp:term":[{"taxonomy":"category","embeddable":true,"href":"https:\/\/www.facet.unt.edu.ar\/facetinforma\/wp-json\/wp\/v2\/categories?post=11300"},{"taxonomy":"post_tag","embeddable":true,"href":"https:\/\/www.facet.unt.edu.ar\/facetinforma\/wp-json\/wp\/v2\/tags?post=11300"}],"curies":[{"name":"wp","href":"https:\/\/api.w.org\/{rel}","templated":true}]}}