{"id":11379,"date":"2016-09-21T11:43:13","date_gmt":"2016-09-21T14:43:13","guid":{"rendered":"https:\/\/www.facet.unt.edu.ar\/facetinforma\/?p=11379"},"modified":"2016-09-22T12:45:18","modified_gmt":"2016-09-22T15:45:18","slug":"reunion-de-energia-renovable-en-la-facet","status":"publish","type":"post","link":"https:\/\/www.facet.unt.edu.ar\/facetinforma\/2016\/09\/21\/reunion-de-energia-renovable-en-la-facet\/","title":{"rendered":"Reuni\u00f3n en la FACET, sobre un Proyecto de Ley \u201cGeneraci\u00f3n Distribuida mediante Energ\u00edas Renovables\u201d"},"content":{"rendered":"<p>Durante la jornada del 20 del corriente, la FACET recibi\u00f3 la visita del Legislador Eduardo Cobos, quien preside la Comisi\u00f3n de Energ\u00eda de la Legislatura de la Provincia de Tucum\u00e1n. Fue recibido por el Decano Ing. Sergio Pagani, junto al Ing. Jorge Gonz\u00e1lez, el Ing. Sergio Mohamed, Secretario de Gesti\u00f3n y Extensi\u00f3n, y el Ing. Eduardo Martel y el Arq. Patricio Levy.\u00a0\u00a0 <!--more--><\/p>\n<p>El objetivo del Legislador fue entre otros, hacer conocer\u00a0al Decano sobre el pr\u00f3ximo tratamiento en la Legislatura del proyecto de Ley sobre Generaci\u00f3n Distribuida provincial mediante energ\u00edas\u00a0renovables.<\/p>\n<p><a href=\"https:\/\/www.facet.unt.edu.ar\/facetinforma\/wp-content\/uploads\/sites\/9\/2016\/09\/reunion.png\"><img decoding=\"async\" loading=\"lazy\" class=\"aligncenter wp-image-11380\" src=\"https:\/\/www.facet.unt.edu.ar\/facetinforma\/wp-content\/uploads\/sites\/9\/2016\/09\/reunion.png\" alt=\"reunion\" width=\"460\" height=\"259\" srcset=\"https:\/\/www.facet.unt.edu.ar\/facetinforma\/wp-content\/uploads\/sites\/9\/2016\/09\/reunion.png 1300w, https:\/\/www.facet.unt.edu.ar\/facetinforma\/wp-content\/uploads\/sites\/9\/2016\/09\/reunion-300x169.png 300w, https:\/\/www.facet.unt.edu.ar\/facetinforma\/wp-content\/uploads\/sites\/9\/2016\/09\/reunion-768x432.png 768w, https:\/\/www.facet.unt.edu.ar\/facetinforma\/wp-content\/uploads\/sites\/9\/2016\/09\/reunion-1024x576.png 1024w\" sizes=\"(max-width: 460px) 100vw, 460px\" \/><\/a><\/p>\n<p>En este proyecto de Ley se propone y plantea un sistema de Generaci\u00f3n Distribuida mediante sistemas fotovoltaicos, distribuyendo espacialmente la energ\u00eda generada y situ\u00e1ndola pr\u00f3xima a la demanda (residencias, comercios e industrias).\u00a0 Esto trae como consecuencia, un modo sustentable de producir energ\u00eda, disminuci\u00f3n de emisi\u00f3n de CO2, reducci\u00f3n de p\u00e9rdidas en las redes el\u00e9ctricas de transporte y creaci\u00f3n de empleos nuevos.<\/p>\n<p>Mediante una charla amena, se discutieron adem\u00e1s, ideas creativas para la concientizaci\u00f3n de un uso eficiente de la energ\u00eda. Al respecto Pagani reflexion\u00f3 \u201cno s\u00f3lo hay que producir m\u00e1s (energ\u00eda), hay que usarla eficientemente\u201d. El consumo responsable de energ\u00eda es cada vez m\u00e1s acuciante no s\u00f3lo por un ahorro econ\u00f3mico, sino tambi\u00e9n por la reducci\u00f3n de la demanda de combustibles f\u00f3siles, minimiz\u00e1ndose as\u00ed, las emisiones de di\u00f3xido de carbono a la atm\u00f3sfera, principal causante del calentamiento global.<\/p>\n<p>As\u00ed tambi\u00e9n, aparecieron otros temas, como el de los Residuos de Aparatos El\u00e9ctricos y Electr\u00f3nicos (RAEE) que, de consolidarse, no s\u00f3lo producir\u00eda un impacto positivo en el medio ambiente sino que generar\u00eda puestos de trabajo. El Ing. Martel sugiri\u00f3 la importancia de definir una trazabilidad del producto, es decir, encontrar y seguir el rastro, a trav\u00e9s de todas las etapas de producci\u00f3n, transformaci\u00f3n y distribuci\u00f3n del mismo.<\/p>\n<p>Si quer\u00e9s saber m\u00e1s sobre Sistemas Fotovoltaicos y Energ\u00edas Renovables, te invitamos a leer una entrevista al Ing. Gonz\u00e1lez en: <a href=\"https:\/\/goo.gl\/aGH8rV\" target=\"_blank\">https:\/\/goo.gl\/aGH8rV<\/a><\/p>\n<p><span style=\"text-decoration: underline\">Producci\u00f3n<\/span>: \u00c1rea de Comunicaci\u00f3n Institucional &#8211; FACET &#8211; UNT<\/p>\n<p>&nbsp;<\/p>\n","protected":false},"excerpt":{"rendered":"<p>Durante la jornada del 20 del corriente, la FACET recibi\u00f3 la visita del Legislador Eduardo Cobos, quien preside la Comisi\u00f3n de Energ\u00eda de la Legislatura de la Provincia de Tucum\u00e1n. Fue recibido por el Decano Ing. Sergio Pagani, junto al Ing. Jorge Gonz\u00e1lez, el Ing. Sergio Mohamed, Secretario de Gesti\u00f3n y Extensi\u00f3n, y el Ing. [&hellip;]<\/p>\n","protected":false},"author":6,"featured_media":0,"comment_status":"closed","ping_status":"closed","sticky":false,"template":"","format":"standard","meta":[],"categories":[5],"tags":[],"_links":{"self":[{"href":"https:\/\/www.facet.unt.edu.ar\/facetinforma\/wp-json\/wp\/v2\/posts\/11379"}],"collection":[{"href":"https:\/\/www.facet.unt.edu.ar\/facetinforma\/wp-json\/wp\/v2\/posts"}],"about":[{"href":"https:\/\/www.facet.unt.edu.ar\/facetinforma\/wp-json\/wp\/v2\/types\/post"}],"author":[{"embeddable":true,"href":"https:\/\/www.facet.unt.edu.ar\/facetinforma\/wp-json\/wp\/v2\/users\/6"}],"replies":[{"embeddable":true,"href":"https:\/\/www.facet.unt.edu.ar\/facetinforma\/wp-json\/wp\/v2\/comments?post=11379"}],"version-history":[{"count":5,"href":"https:\/\/www.facet.unt.edu.ar\/facetinforma\/wp-json\/wp\/v2\/posts\/11379\/revisions"}],"predecessor-version":[{"id":11418,"href":"https:\/\/www.facet.unt.edu.ar\/facetinforma\/wp-json\/wp\/v2\/posts\/11379\/revisions\/11418"}],"wp:attachment":[{"href":"https:\/\/www.facet.unt.edu.ar\/facetinforma\/wp-json\/wp\/v2\/media?parent=11379"}],"wp:term":[{"taxonomy":"category","embeddable":true,"href":"https:\/\/www.facet.unt.edu.ar\/facetinforma\/wp-json\/wp\/v2\/categories?post=11379"},{"taxonomy":"post_tag","embeddable":true,"href":"https:\/\/www.facet.unt.edu.ar\/facetinforma\/wp-json\/wp\/v2\/tags?post=11379"}],"curies":[{"name":"wp","href":"https:\/\/api.w.org\/{rel}","templated":true}]}}