{"id":11427,"date":"2016-09-23T12:34:59","date_gmt":"2016-09-23T15:34:59","guid":{"rendered":"https:\/\/www.facet.unt.edu.ar\/facetinforma\/?p=11427"},"modified":"2016-09-23T12:34:59","modified_gmt":"2016-09-23T15:34:59","slug":"prorroga-de-inscripcion-y-nueva-fecha-de-inicio-del-taller-proyectos-de-extension-universitaria","status":"publish","type":"post","link":"https:\/\/www.facet.unt.edu.ar\/facetinforma\/2016\/09\/23\/prorroga-de-inscripcion-y-nueva-fecha-de-inicio-del-taller-proyectos-de-extension-universitaria\/","title":{"rendered":"Pr\u00f3rroga de inscripci\u00f3n y nueva fecha de inicio del Taller: \u201cProyectos de Extensi\u00f3n Universitaria\u201d"},"content":{"rendered":"<p>La Secretar\u00eda de Extensi\u00f3n Universitaria de la UNT informa que se ha prorrogado la fecha de inscripci\u00f3n para el taller de \u201cProyectos de Extensi\u00f3n Universitaria\u201d hasta el 30 de Septiembre.\u00a0 <!--more--><\/p>\n<p>El taller est\u00e1 destinado a docentes y no docentes con funciones vinculadas a la extensi\u00f3n universitaria, y dar\u00e1 inicio el d\u00eda 07 de Octubre, en la sede del Centro de Capacitaci\u00f3n UNT, sito en San Lorenzo 777 de nuestra ciudad, en el horario de 8:30 a 11:30 hs.<\/p>\n<p>Las inscripciones deben realizarse v\u00eda correo electr\u00f3nico a la direcci\u00f3n: <a href=\"mailto:centrocapacitacionunt@hotmail.com\">centrocapacitacionunt@hotmail.com<\/a><\/p>\n<p>Para mayor informaci\u00f3n dirigirse a Centro de Capacitaci\u00f3n UNT, ubicado en San Lorenzo 777; comunicarse por mail a: <a href=\"mailto:centrocapacitacionunt@hotmail.com\">centrocapacitacionunt@hotmail.com<\/a> o a los siguientes tel\u00e9fonos: 4526028\/29<\/p>\n","protected":false},"excerpt":{"rendered":"<p>La Secretar\u00eda de Extensi\u00f3n Universitaria de la UNT informa que se ha prorrogado la fecha de inscripci\u00f3n para el taller de \u201cProyectos de Extensi\u00f3n Universitaria\u201d hasta el 30 de Septiembre.\u00a0<\/p>\n","protected":false},"author":6,"featured_media":0,"comment_status":"closed","ping_status":"closed","sticky":false,"template":"","format":"standard","meta":[],"categories":[5],"tags":[],"_links":{"self":[{"href":"https:\/\/www.facet.unt.edu.ar\/facetinforma\/wp-json\/wp\/v2\/posts\/11427"}],"collection":[{"href":"https:\/\/www.facet.unt.edu.ar\/facetinforma\/wp-json\/wp\/v2\/posts"}],"about":[{"href":"https:\/\/www.facet.unt.edu.ar\/facetinforma\/wp-json\/wp\/v2\/types\/post"}],"author":[{"embeddable":true,"href":"https:\/\/www.facet.unt.edu.ar\/facetinforma\/wp-json\/wp\/v2\/users\/6"}],"replies":[{"embeddable":true,"href":"https:\/\/www.facet.unt.edu.ar\/facetinforma\/wp-json\/wp\/v2\/comments?post=11427"}],"version-history":[{"count":1,"href":"https:\/\/www.facet.unt.edu.ar\/facetinforma\/wp-json\/wp\/v2\/posts\/11427\/revisions"}],"predecessor-version":[{"id":11428,"href":"https:\/\/www.facet.unt.edu.ar\/facetinforma\/wp-json\/wp\/v2\/posts\/11427\/revisions\/11428"}],"wp:attachment":[{"href":"https:\/\/www.facet.unt.edu.ar\/facetinforma\/wp-json\/wp\/v2\/media?parent=11427"}],"wp:term":[{"taxonomy":"category","embeddable":true,"href":"https:\/\/www.facet.unt.edu.ar\/facetinforma\/wp-json\/wp\/v2\/categories?post=11427"},{"taxonomy":"post_tag","embeddable":true,"href":"https:\/\/www.facet.unt.edu.ar\/facetinforma\/wp-json\/wp\/v2\/tags?post=11427"}],"curies":[{"name":"wp","href":"https:\/\/api.w.org\/{rel}","templated":true}]}}