{"id":11660,"date":"2016-10-19T12:42:36","date_gmt":"2016-10-19T15:42:36","guid":{"rendered":"https:\/\/www.facet.unt.edu.ar\/facetinforma\/?p=11660"},"modified":"2016-10-24T21:08:50","modified_gmt":"2016-10-25T00:08:50","slug":"nodos-regionales-de-emprendedores-y-empresarios-tecnologicos","status":"publish","type":"post","link":"https:\/\/www.facet.unt.edu.ar\/facetinforma\/2016\/10\/19\/nodos-regionales-de-emprendedores-y-empresarios-tecnologicos\/","title":{"rendered":"Nodos Regionales de Emprendedores y Empresarios Tecnol\u00f3gicos"},"content":{"rendered":"<p>El Ministerio de Ciencia, Tecnolog\u00eda e Innovaci\u00f3n Productiva junto con la SIDETEC y el IDEP invitan a la comunidad de la FACET a participar de las actividades del programa\u00a0\u201c<strong>Nodos Regionales de Emprendedores y Empresarios Tecnol\u00f3gicos<\/strong>\u201d, a realizarse los d\u00edas 25 y 26 de octubre del corriente, en el Colegio de Graduados de Cs. Econ\u00f3micas de Tucum\u00e1n (24 de Septiembre 776) y en el Sal\u00f3n Blanco de Casa de Gobierno.\u00a0\u00a0 <!--more--><\/p>\n<p>Las actividades a realizarse son: <strong>Taller<\/strong>\u00a0<strong>\u201cConsolidaci\u00f3n del Ecosistema de Innovaci\u00f3n Local\u201d; Taller<\/strong>\u00a0<strong>\u201cConvirtiendo Desaf\u00edos en Oportunidades\u201d<\/strong> y una <strong>Charla abierta \u201cForjando Emprendedores\u201d.<\/strong><\/p>\n<p>Por mayores informes, inscripci\u00f3n y programas de los talleres, ver los siguientes archivos:<\/p>\n<ul>\n<li><a href=\"https:\/\/www.facet.unt.edu.ar\/facetinforma\/wp-content\/uploads\/sites\/9\/2016\/10\/Taller-p-Facilitadores-25-10-Colegio-Cs-Econ.pdf\" target=\"_blank\">Taller \u201cConsolidaci\u00f3n del Ecosistema de Innovaci\u00f3n Local\u201d.pdf<\/a><\/li>\n<li><a href=\"https:\/\/www.facet.unt.edu.ar\/facetinforma\/wp-content\/uploads\/sites\/9\/2016\/10\/Taller-Emprendedores-Tecnologicos-25-10.pdf\" target=\"_blank\">Taller \u201cConvirtiendo Desaf\u00edos en Oportunidades\u201d.pdf<\/a><\/li>\n<\/ul>\n<p>La charla abierta \u201cForjando Emprendedores\u201d,\u00a0se realizar\u00e1 el\u00a0mi\u00e9rcoles 26 de Octubre a horas 9.30 en el Sal\u00f3n Blanco de Casa de Gobierno (25 de Mayo N\u00ba 90). La misma es libre y gratuita, y est\u00e1 destinada a estudiantes, investigadores, emprendedores tecnol\u00f3gicos, empresarios y p\u00fablico en general interesados en pol\u00edtica de desarrollo tecnol\u00f3gico e innovaci\u00f3n.<\/p>\n<p><span style=\"text-decoration: underline\">Disertantes de la charla<\/span>:<br \/>\n<strong>&#8211;\u00a0<\/strong><em>Lic. \u00c1lvaro BRONSTEIN (Emprediem) &#8211; <\/em><strong>Empresas de triple impacto\u00a0<\/strong><br \/>\n<strong>&#8211;\u00a0<\/strong><em>Ing. Daniel SALVUCCI\u00a0 (Start Up Oeste y Polenta Venture) &#8211;<\/em><strong> Innovaci\u00f3n abierta\u00a0<\/strong><\/p>\n<p>Contacto: <a href=\"mailto:sidetec@tucuman.gov.ar\">sidetec@tucuman.gov.ar<\/a><\/p>\n","protected":false},"excerpt":{"rendered":"<p>El Ministerio de Ciencia, Tecnolog\u00eda e Innovaci\u00f3n Productiva junto con la SIDETEC y el IDEP invitan a la comunidad de la FACET a participar de las actividades del programa\u00a0\u201cNodos Regionales de Emprendedores y Empresarios Tecnol\u00f3gicos\u201d, a realizarse los d\u00edas 25 y 26 de octubre del corriente, en el Colegio de Graduados de Cs. Econ\u00f3micas de [&hellip;]<\/p>\n","protected":false},"author":6,"featured_media":0,"comment_status":"closed","ping_status":"closed","sticky":false,"template":"","format":"standard","meta":[],"categories":[5],"tags":[],"_links":{"self":[{"href":"https:\/\/www.facet.unt.edu.ar\/facetinforma\/wp-json\/wp\/v2\/posts\/11660"}],"collection":[{"href":"https:\/\/www.facet.unt.edu.ar\/facetinforma\/wp-json\/wp\/v2\/posts"}],"about":[{"href":"https:\/\/www.facet.unt.edu.ar\/facetinforma\/wp-json\/wp\/v2\/types\/post"}],"author":[{"embeddable":true,"href":"https:\/\/www.facet.unt.edu.ar\/facetinforma\/wp-json\/wp\/v2\/users\/6"}],"replies":[{"embeddable":true,"href":"https:\/\/www.facet.unt.edu.ar\/facetinforma\/wp-json\/wp\/v2\/comments?post=11660"}],"version-history":[{"count":6,"href":"https:\/\/www.facet.unt.edu.ar\/facetinforma\/wp-json\/wp\/v2\/posts\/11660\/revisions"}],"predecessor-version":[{"id":11696,"href":"https:\/\/www.facet.unt.edu.ar\/facetinforma\/wp-json\/wp\/v2\/posts\/11660\/revisions\/11696"}],"wp:attachment":[{"href":"https:\/\/www.facet.unt.edu.ar\/facetinforma\/wp-json\/wp\/v2\/media?parent=11660"}],"wp:term":[{"taxonomy":"category","embeddable":true,"href":"https:\/\/www.facet.unt.edu.ar\/facetinforma\/wp-json\/wp\/v2\/categories?post=11660"},{"taxonomy":"post_tag","embeddable":true,"href":"https:\/\/www.facet.unt.edu.ar\/facetinforma\/wp-json\/wp\/v2\/tags?post=11660"}],"curies":[{"name":"wp","href":"https:\/\/api.w.org\/{rel}","templated":true}]}}