{"id":11735,"date":"2016-10-31T12:50:12","date_gmt":"2016-10-31T15:50:12","guid":{"rendered":"https:\/\/www.facet.unt.edu.ar\/facetinforma\/?p=11735"},"modified":"2016-10-31T12:54:00","modified_gmt":"2016-10-31T15:54:00","slug":"convocatoria-tutores-estudiantiles-facet-2017","status":"publish","type":"post","link":"https:\/\/www.facet.unt.edu.ar\/facetinforma\/2016\/10\/31\/convocatoria-tutores-estudiantiles-facet-2017\/","title":{"rendered":"Convocatoria TUTORES ESTUDIANTILES FACET 2017"},"content":{"rendered":"<p><u><span lang=\"ES\">REQUISITOS ACAD\u00c9MICOS:<\/span><\/u><br \/>\n<span lang=\"ES\">\u00d8 Ser alumno regular de una carrera de la FaCET.<\/span><br \/>\n<span lang=\"ES\">\u00d8 Haber rendido al menos 2 (dos) materias en el \u00faltimo a\u00f1o \u00f3 4 (cuatro) en los \u00faltimos 2 (dos) a\u00f1os.<\/span><br \/>\n<span lang=\"ES\">\u00d8 Tener aprobado al menos el 40% de la carrera.<\/span><br \/>\n<span lang=\"ES\">\u00d8 No desempe\u00f1ar otras funciones en la gesti\u00f3n institucional o cargo docente.<\/span><br \/>\n<span lang=\"ES\">\u00d8 Disponibilidad horaria.<br \/>\n<\/span><!--more--><\/p>\n<p><u><span lang=\"ES\">DOCUMENTACI\u00d3N SOLICITADA PARA LA INSCRIPCI\u00d3N:<\/span><\/u><br \/>\n<span lang=\"ES\">\u00d8 Formulario de Inscripci\u00f3n, disponible en fotocopiadoras.<\/span><br \/>\n<span lang=\"ES\">\u00d8 Estado Acad\u00e9mico actualizado con promedio inclu\u00eddo aplazos.<\/span><br \/>\n<span lang=\"ES\">\u00d8 Fotocopia del D.N.I.<\/span><br \/>\n<span lang=\"ES\">\u00d8 Curr\u00edculum Vitae con foto.<\/span><\/p>\n<p><span lang=\"ES\">Proceso de Selecci\u00f3n Individual y Grupal.<\/span><\/p>\n<p><span lang=\"ES\">Inscripciones hasta el Viernes 11 de Noviembre de 2016 en:<\/span><\/p>\n<p><span lang=\"ES\">Gabinete Psicopedag\u00f3gico y Sistema de Tutor\u00edas<\/span><br \/>\n<span lang=\"ES\">Block N\u00ba 1 \u2013 1\u00ba Piso \u2013 Aula 9<\/span><br \/>\n<span lang=\"ES\">Lunes a Viernes de 8:00 a 12:00 hs.<\/span><\/p>\n<p><a href=\"https:\/\/www.facet.unt.edu.ar\/facetinforma\/wp-content\/uploads\/sites\/9\/2016\/10\/tutores-pares.jpg\"><img decoding=\"async\" loading=\"lazy\" class=\"aligncenter  wp-image-11738\" src=\"https:\/\/www.facet.unt.edu.ar\/facetinforma\/wp-content\/uploads\/sites\/9\/2016\/10\/tutores-pares.jpg\" alt=\"tutores-pares\" width=\"485\" height=\"681\" srcset=\"https:\/\/www.facet.unt.edu.ar\/facetinforma\/wp-content\/uploads\/sites\/9\/2016\/10\/tutores-pares.jpg 683w, https:\/\/www.facet.unt.edu.ar\/facetinforma\/wp-content\/uploads\/sites\/9\/2016\/10\/tutores-pares-213x300.jpg 213w\" sizes=\"(max-width: 485px) 100vw, 485px\" \/><\/a><\/p>\n","protected":false},"excerpt":{"rendered":"<p>REQUISITOS ACAD\u00c9MICOS: \u00d8 Ser alumno regular de una carrera de la FaCET. \u00d8 Haber rendido al menos 2 (dos) materias en el \u00faltimo a\u00f1o \u00f3 4 (cuatro) en los \u00faltimos 2 (dos) a\u00f1os. \u00d8 Tener aprobado al menos el 40% de la carrera. \u00d8 No desempe\u00f1ar otras funciones en la gesti\u00f3n institucional o cargo docente. [&hellip;]<\/p>\n","protected":false},"author":6,"featured_media":0,"comment_status":"closed","ping_status":"closed","sticky":false,"template":"","format":"standard","meta":[],"categories":[5],"tags":[],"_links":{"self":[{"href":"https:\/\/www.facet.unt.edu.ar\/facetinforma\/wp-json\/wp\/v2\/posts\/11735"}],"collection":[{"href":"https:\/\/www.facet.unt.edu.ar\/facetinforma\/wp-json\/wp\/v2\/posts"}],"about":[{"href":"https:\/\/www.facet.unt.edu.ar\/facetinforma\/wp-json\/wp\/v2\/types\/post"}],"author":[{"embeddable":true,"href":"https:\/\/www.facet.unt.edu.ar\/facetinforma\/wp-json\/wp\/v2\/users\/6"}],"replies":[{"embeddable":true,"href":"https:\/\/www.facet.unt.edu.ar\/facetinforma\/wp-json\/wp\/v2\/comments?post=11735"}],"version-history":[{"count":3,"href":"https:\/\/www.facet.unt.edu.ar\/facetinforma\/wp-json\/wp\/v2\/posts\/11735\/revisions"}],"predecessor-version":[{"id":11739,"href":"https:\/\/www.facet.unt.edu.ar\/facetinforma\/wp-json\/wp\/v2\/posts\/11735\/revisions\/11739"}],"wp:attachment":[{"href":"https:\/\/www.facet.unt.edu.ar\/facetinforma\/wp-json\/wp\/v2\/media?parent=11735"}],"wp:term":[{"taxonomy":"category","embeddable":true,"href":"https:\/\/www.facet.unt.edu.ar\/facetinforma\/wp-json\/wp\/v2\/categories?post=11735"},{"taxonomy":"post_tag","embeddable":true,"href":"https:\/\/www.facet.unt.edu.ar\/facetinforma\/wp-json\/wp\/v2\/tags?post=11735"}],"curies":[{"name":"wp","href":"https:\/\/api.w.org\/{rel}","templated":true}]}}