{"id":1210,"date":"2012-06-14T15:10:13","date_gmt":"2012-06-14T15:10:13","guid":{"rendered":"http:\/\/www1.herrera.unt.edu.ar\/facetinforma\/?p=1210"},"modified":"2012-06-14T15:10:13","modified_gmt":"2012-06-14T15:10:13","slug":"ultima-fecha-15-de-junio-presentacion-de-trabajos-cadi-2012","status":"publish","type":"post","link":"https:\/\/www.facet.unt.edu.ar\/facetinforma\/2012\/06\/14\/ultima-fecha-15-de-junio-presentacion-de-trabajos-cadi-2012\/","title":{"rendered":"\u00daltima Fecha 15 de Junio &#8211; Presentaci\u00f3n de Trabajos &#8211; CADI 2012"},"content":{"rendered":"<p style=\"text-align: center\" align=\"center\"><span style=\"color: #ff0000\"><strong>MA\u00d1ANA 15 DE JUNIO \u00daLTIMA FECHA PRESENTACI\u00d3N DE TRABAJOS \u2013 CADI<\/strong><\/span><\/p>\n<p style=\"text-align: center\" align=\"center\"><strong>CONGRESO ARGENTINO DE INGENIER\u00cdA<\/strong><\/p>\n<p style=\"text-align: justify\">El CADI 2012 est\u00e1 organizado en 11 cap\u00edtulos o tracks que se realizan en paralelo, cada uno con su propio eje tem\u00e1tico y comit\u00e9 evaluador: Ense\u00f1anza de la Ingenier\u00eda (CAEDI), Gesti\u00f3n de la Educaci\u00f3n en Ingenier\u00eda, Desarrollo Regional. Vinculaci\u00f3n Universidad, Empresa y Estado, Ingenier\u00eda Sostenible. Energ\u00eda, Medio Ambiente y Cambio Clim\u00e1tico, Empresas y Servicios de Ingenier\u00eda, Ejercicio Profesional de la Ingenier\u00eda, Obras y Proyectos de la Ingenier\u00eda, Biotecnolog\u00eda, Nanotecnolog\u00eda y Materiales, Tecnolog\u00eda de la Informaci\u00f3n y Comunicaci\u00f3n, Forestal, Agronom\u00eda y Alimentos, Innovaci\u00f3n y Emprendedorismo en Ingenier\u00eda.<\/p>\n<p style=\"text-align: justify\"><strong>El nuevo plazo para la presentaci\u00f3n de trabajos vence el pr\u00f3ximo 15 de junio.<\/strong> El Call for Papers est\u00e1 publicado en la p\u00e1gina del congreso <strong><a href=\"http:\/\/www.cadi.org.ar\/\" target=\"_blank\">www.cadi.org.ar<\/a>.<\/strong><\/p>\n<p style=\"text-align: justify\">Para consultas: <a href=\"mailto:info@cadi.org.ar\" target=\"_blank\">info@cadi.org.ar<\/a><\/p>\n<p style=\"text-align: justify\">Agradecemos su difusi\u00f3n y los esperamos en Mar del Plata, entre el 8 y 10 de Agosto de 2012.<\/p>\n<p>Ing. Jorge Del Gener, Presidente de CONFEDI<br \/> Ing. Roberto Giordano Lerena, Presidente del CADI 2012<br \/> Ing. Manuel Gonz\u00e1lez, Presidente del Comit\u00e9 Acad\u00e9mico del CADI 2012<br \/> Ing. Andrea Comas, Secretaria General del CADI 2012<\/p>\n","protected":false},"excerpt":{"rendered":"<p>MA\u00d1ANA 15 DE JUNIO \u00daLTIMA FECHA PRESENTACI\u00d3N DE TRABAJOS \u2013 CADI CONGRESO ARGENTINO DE INGENIER\u00cdA El CADI 2012 est\u00e1 organizado en 11 cap\u00edtulos o tracks que se realizan en paralelo, cada uno con su propio eje tem\u00e1tico y comit\u00e9 evaluador: Ense\u00f1anza de la Ingenier\u00eda (CAEDI), Gesti\u00f3n de la Educaci\u00f3n en Ingenier\u00eda, Desarrollo Regional. Vinculaci\u00f3n Universidad, [&hellip;]<\/p>\n","protected":false},"author":6,"featured_media":0,"comment_status":"closed","ping_status":"open","sticky":false,"template":"","format":"standard","meta":[],"categories":[5],"tags":[],"_links":{"self":[{"href":"https:\/\/www.facet.unt.edu.ar\/facetinforma\/wp-json\/wp\/v2\/posts\/1210"}],"collection":[{"href":"https:\/\/www.facet.unt.edu.ar\/facetinforma\/wp-json\/wp\/v2\/posts"}],"about":[{"href":"https:\/\/www.facet.unt.edu.ar\/facetinforma\/wp-json\/wp\/v2\/types\/post"}],"author":[{"embeddable":true,"href":"https:\/\/www.facet.unt.edu.ar\/facetinforma\/wp-json\/wp\/v2\/users\/6"}],"replies":[{"embeddable":true,"href":"https:\/\/www.facet.unt.edu.ar\/facetinforma\/wp-json\/wp\/v2\/comments?post=1210"}],"version-history":[{"count":0,"href":"https:\/\/www.facet.unt.edu.ar\/facetinforma\/wp-json\/wp\/v2\/posts\/1210\/revisions"}],"wp:attachment":[{"href":"https:\/\/www.facet.unt.edu.ar\/facetinforma\/wp-json\/wp\/v2\/media?parent=1210"}],"wp:term":[{"taxonomy":"category","embeddable":true,"href":"https:\/\/www.facet.unt.edu.ar\/facetinforma\/wp-json\/wp\/v2\/categories?post=1210"},{"taxonomy":"post_tag","embeddable":true,"href":"https:\/\/www.facet.unt.edu.ar\/facetinforma\/wp-json\/wp\/v2\/tags?post=1210"}],"curies":[{"name":"wp","href":"https:\/\/api.w.org\/{rel}","templated":true}]}}