{"id":12142,"date":"2017-02-22T17:52:58","date_gmt":"2017-02-22T20:52:58","guid":{"rendered":"https:\/\/www.facet.unt.edu.ar\/facetinforma\/?p=12142"},"modified":"2017-02-22T18:06:04","modified_gmt":"2017-02-22T21:06:04","slug":"la-biblioteca-de-la-facet-renovo-la-suscripcion-de-ebrary","status":"publish","type":"post","link":"https:\/\/www.facet.unt.edu.ar\/facetinforma\/2017\/02\/22\/la-biblioteca-de-la-facet-renovo-la-suscripcion-de-ebrary\/","title":{"rendered":"La Biblioteca de la FACET renov\u00f3 la suscripci\u00f3n a EBRARY"},"content":{"rendered":"<p>La Biblioteca Central FACET informa a la comunidad acad\u00e9mica que se ha renovado la suscripci\u00f3n a la plataforma digital EBRARY.\u00a0 <!--more--><\/p>\n<p>Para ver la lista con las \u00faltimas incorporaciones de Mc Graw-Hill Int. y Pearson Educaci\u00f3n a la plataforma digital, seleccione<a href=\"https:\/\/www.facet.unt.edu.ar\/facetinforma\/wp-content\/uploads\/sites\/9\/2017\/02\/Biblioteca-Central-FACET-Lista-EBRARY.pdf\" target=\"_blank\"> aqu\u00ed<\/a>.<\/p>\n","protected":false},"excerpt":{"rendered":"<p>La Biblioteca Central FACET informa a la comunidad acad\u00e9mica que se ha renovado la suscripci\u00f3n a la plataforma digital EBRARY.\u00a0<\/p>\n","protected":false},"author":6,"featured_media":0,"comment_status":"closed","ping_status":"closed","sticky":false,"template":"","format":"standard","meta":[],"categories":[1],"tags":[],"_links":{"self":[{"href":"https:\/\/www.facet.unt.edu.ar\/facetinforma\/wp-json\/wp\/v2\/posts\/12142"}],"collection":[{"href":"https:\/\/www.facet.unt.edu.ar\/facetinforma\/wp-json\/wp\/v2\/posts"}],"about":[{"href":"https:\/\/www.facet.unt.edu.ar\/facetinforma\/wp-json\/wp\/v2\/types\/post"}],"author":[{"embeddable":true,"href":"https:\/\/www.facet.unt.edu.ar\/facetinforma\/wp-json\/wp\/v2\/users\/6"}],"replies":[{"embeddable":true,"href":"https:\/\/www.facet.unt.edu.ar\/facetinforma\/wp-json\/wp\/v2\/comments?post=12142"}],"version-history":[{"count":2,"href":"https:\/\/www.facet.unt.edu.ar\/facetinforma\/wp-json\/wp\/v2\/posts\/12142\/revisions"}],"predecessor-version":[{"id":12146,"href":"https:\/\/www.facet.unt.edu.ar\/facetinforma\/wp-json\/wp\/v2\/posts\/12142\/revisions\/12146"}],"wp:attachment":[{"href":"https:\/\/www.facet.unt.edu.ar\/facetinforma\/wp-json\/wp\/v2\/media?parent=12142"}],"wp:term":[{"taxonomy":"category","embeddable":true,"href":"https:\/\/www.facet.unt.edu.ar\/facetinforma\/wp-json\/wp\/v2\/categories?post=12142"},{"taxonomy":"post_tag","embeddable":true,"href":"https:\/\/www.facet.unt.edu.ar\/facetinforma\/wp-json\/wp\/v2\/tags?post=12142"}],"curies":[{"name":"wp","href":"https:\/\/api.w.org\/{rel}","templated":true}]}}