{"id":12212,"date":"2017-03-09T17:25:20","date_gmt":"2017-03-09T20:25:20","guid":{"rendered":"https:\/\/www.facet.unt.edu.ar\/facetinforma\/?p=12212"},"modified":"2017-03-09T17:28:04","modified_gmt":"2017-03-09T20:28:04","slug":"curso-de-posgrado-optica-instrumental-fundamentos-y-aplicaciones","status":"publish","type":"post","link":"https:\/\/www.facet.unt.edu.ar\/facetinforma\/2017\/03\/09\/curso-de-posgrado-optica-instrumental-fundamentos-y-aplicaciones\/","title":{"rendered":"Curso de Posgrado \u201c\u00d3ptica Instrumental. Fundamentos y Aplicaciones\u201d"},"content":{"rendered":"<p>El Doctorado en Medio Ambiente Visual e Iluminaci\u00f3n Eficiente y la Maestr\u00eda en Luminotecnia, anuncian el inicio del dictado del Curso del Posgrado: \u201c\u00d3ptica Instrumental. Fundamentos y Aplicaciones\u201d, cuyos responsables son la<strong> Dra. Estela Mirta Ja\u00e9n <\/strong>(Profesora Asociada del Dpto. de F\u00edsica \u2013 FACET \u2013 ILAV\u00a0 (UNT \u2013 CONICET)) y el<strong> Dr. Diego Corregidor Carri\u00f3 <\/strong>(Docente Auxiliar del Departamento de F\u00edsica &#8211; FACET-UNT-CONICET).<!--more--><\/p>\n<p>El curso, de una duraci\u00f3n de 30 horas de clases te\u00f3rico, pr\u00e1cticas y de laboratorio, se llevar\u00e1 a cabo entre el\u00a013 y el 27 de Marzo de 2017, en el horario de 14 a 19 horas en el Departamento de Luminotecnia, Luz y Visi\u00f3n de la FACET, Av. Independencia 1800.<\/p>\n<p>El curso est\u00e1 orientado a profundizar\u00a0\u00a0en la tem\u00e1tica relacionada con el control de la radiaci\u00f3n \u00f3ptica en el medio ambiente visual iluminado.<\/p>\n<p>El objetivo es entender los principios de funcionamiento de los principales dispositivos \u00f3pticos en su funci\u00f3n de controlar y redireccionar la radiaci\u00f3n \u00f3ptica en distintas aplicaciones y el rol que juegan en un medio ambiente iluminado.<\/p>\n<p>A partir de las principales conceptuaciones de la \u00f3ptica y de los distintos modelos referidos a la propagaci\u00f3n de la radiaci\u00f3n \u00f3ptica y su interacci\u00f3n con la materia, se profundizar\u00e1 en el an\u00e1lisis de los sistemas \u00f3pticos m\u00e1s utilizados relacionados con la problem\u00e1tica de la luz y la visi\u00f3n.<\/p>\n<p>Los interesados deber\u00e1n dirigirse para consultas, inscripci\u00f3n y pago de aranceles a la Secretar\u00eda del Departamento de Luminotecnia, Luz y Visi\u00f3n (Avda. Independencia 1800, Tel\/Fax: 0381 436 1936).<\/p>\n<p>Se adjunta el Programa y la Ficha de Inscripci\u00f3n:<br \/>\n&#8211; <a href=\"https:\/\/www.facet.unt.edu.ar\/facetinforma\/wp-content\/uploads\/sites\/9\/2017\/03\/Programa-OPTICA-INSTRUMENTAL.-FUNDAMENTOS-Y-APLICACIONES-2017.pdf\" target=\"_blank\">Programa.pdf<\/a><br \/>\n&#8211; <a href=\"https:\/\/www.facet.unt.edu.ar\/facetinforma\/wp-content\/uploads\/sites\/9\/2017\/03\/FI-apellido-OPTICA-INSTRUMENTAL-2017.doc\" target=\"_blank\">Ficha de Inscripci\u00f3n.doc<\/a><\/p>\n","protected":false},"excerpt":{"rendered":"<p>El Doctorado en Medio Ambiente Visual e Iluminaci\u00f3n Eficiente y la Maestr\u00eda en Luminotecnia, anuncian el inicio del dictado del Curso del Posgrado: \u201c\u00d3ptica Instrumental. Fundamentos y Aplicaciones\u201d, cuyos responsables son la Dra. Estela Mirta Ja\u00e9n (Profesora Asociada del Dpto. de F\u00edsica \u2013 FACET \u2013 ILAV\u00a0 (UNT \u2013 CONICET)) y el Dr. Diego Corregidor Carri\u00f3 [&hellip;]<\/p>\n","protected":false},"author":6,"featured_media":0,"comment_status":"closed","ping_status":"closed","sticky":false,"template":"","format":"standard","meta":[],"categories":[5,4],"tags":[],"_links":{"self":[{"href":"https:\/\/www.facet.unt.edu.ar\/facetinforma\/wp-json\/wp\/v2\/posts\/12212"}],"collection":[{"href":"https:\/\/www.facet.unt.edu.ar\/facetinforma\/wp-json\/wp\/v2\/posts"}],"about":[{"href":"https:\/\/www.facet.unt.edu.ar\/facetinforma\/wp-json\/wp\/v2\/types\/post"}],"author":[{"embeddable":true,"href":"https:\/\/www.facet.unt.edu.ar\/facetinforma\/wp-json\/wp\/v2\/users\/6"}],"replies":[{"embeddable":true,"href":"https:\/\/www.facet.unt.edu.ar\/facetinforma\/wp-json\/wp\/v2\/comments?post=12212"}],"version-history":[{"count":1,"href":"https:\/\/www.facet.unt.edu.ar\/facetinforma\/wp-json\/wp\/v2\/posts\/12212\/revisions"}],"predecessor-version":[{"id":12215,"href":"https:\/\/www.facet.unt.edu.ar\/facetinforma\/wp-json\/wp\/v2\/posts\/12212\/revisions\/12215"}],"wp:attachment":[{"href":"https:\/\/www.facet.unt.edu.ar\/facetinforma\/wp-json\/wp\/v2\/media?parent=12212"}],"wp:term":[{"taxonomy":"category","embeddable":true,"href":"https:\/\/www.facet.unt.edu.ar\/facetinforma\/wp-json\/wp\/v2\/categories?post=12212"},{"taxonomy":"post_tag","embeddable":true,"href":"https:\/\/www.facet.unt.edu.ar\/facetinforma\/wp-json\/wp\/v2\/tags?post=12212"}],"curies":[{"name":"wp","href":"https:\/\/api.w.org\/{rel}","templated":true}]}}