{"id":1239,"date":"2012-06-19T08:00:52","date_gmt":"2012-06-19T08:00:52","guid":{"rendered":"http:\/\/www1.herrera.unt.edu.ar\/facetinforma\/?p=1239"},"modified":"2012-06-19T08:00:52","modified_gmt":"2012-06-19T08:00:52","slug":"invitacion-a-charla-sobre-leds-en-el-alumbrado-publico-21-de-junio-1900-hs","status":"publish","type":"post","link":"https:\/\/www.facet.unt.edu.ar\/facetinforma\/2012\/06\/19\/invitacion-a-charla-sobre-leds-en-el-alumbrado-publico-21-de-junio-1900-hs\/","title":{"rendered":"Invitaci\u00f3n a Charla sobre LEDs en el Alumbrado P\u00fablico &#8211; 21 de Junio 19:00 hs"},"content":{"rendered":"<p style=\"text-align: justify\">El ciclo de charlas sobre Nuevas Tecnolog\u00edas en Iluminaci\u00f3n: \u201cLEDs en el alumbrado p\u00fablico\u201d, a cargo del Ing. Juan Pizzani, STRAND S.A., se llevar\u00e1 a cabo el d\u00eda jueves 21 de junio 2012 a horas 19:00, en el Auditorio o Aula A del Departamento de Luminotecnia Luz y Visi\u00f3n de la Facultad de Ciencias Exactas y Tecnolog\u00eda,\u00a0 Universidad Nacional de Tucum\u00e1n.<\/p>\n<p style=\"text-align: justify\">El Ing. Pizzani es especialista en Calidad\u00a0y Director y Gerente Industrial de STRAND empresa dedicada a la fabricaci\u00f3n de luminarias para exterior (p\u00fablicas, viales, deportivas, grandes \u00e1reas). Colabor\u00f3 con el armado del primer laboratorio luminot\u00e9cnico en una empresa privada de Latinoam\u00e9rica, y el primero en medir distribuci\u00f3n fotom\u00e9trica, color y flujo luminoso de LEDs en Latinoam\u00e9rica. Particip\u00f3 entre otros de los proyectos de iluminaci\u00f3n de Autopistas del Sol, Autopistas del Oeste, en la CABA: Avenidas Lugones, 9 de Julio, Corrientes, Alem, Paseo Col\u00f3n, San Mart\u00edn, Madero, Cabildo, etc. Estadios de f\u00fatbol: Centenario (Uruguay), Banfield, Racing, Estudiantes de Bs. As.,\u00a0Deportivo Italiano, etc. Es socio activo de la Asociaci\u00f3n Argentina de Luminotecnia desde el a\u00f1o 1982, siendo actualmente, Secretario de la Comisi\u00f3n Directiva del Centro Regional Capital Federal y Gran Bs. As. y Secretario del Consejo Nacional.<\/p>\n<h6><span style=\"font-size: x-small;font-family: times new roman,times\">&#8212;<\/span><br \/><span style=\"font-size: x-small;font-family: times new roman,times\">Eduardo Manzano<\/span><br \/><span style=\"font-size: x-small;font-family: times new roman,times\"> Jefe del Dpto. de Luminotecnia Luz y Visi\u00f3n<\/span><br \/><span style=\"font-size: x-small;font-family: times new roman,times\"> Director de la Maestr\u00eda en Luminotecnia<\/span><br \/><span style=\"font-size: x-small;font-family: times new roman,times\"> Facultad de Ciencias Exactas y Tecnolog\u00eda<\/span><br \/><span style=\"font-size: x-small;font-family: times new roman,times\"> Universidad Nacional de Tucum\u00e1n<\/span><br \/><span style=\"font-size: x-small;font-family: times new roman,times\"> Avda. Independencia 1800 &#8211; 4000 &#8211; Tucum\u00e1n &#8211; Argentina<\/span><br \/><span style=\"font-size: x-small;font-family: times new roman,times\"> Tel: 0054 381 4361936 &#8211; 0054 381 4364093 &#8211; 7715\/7855<\/span><br \/><span style=\"font-size: x-small;font-family: times new roman,times\"> <a href=\"mailto:emanzano@herrera.unt.edu.ar\" target=\"_blank\">emanzano@herrera.unt.edu.ar<\/a><\/span><br \/><span style=\"color: #3366ff;font-size: x-small;font-family: times new roman,times\"> <a href=\"http:\/\/www.herrera.unt.edu.ar\/dllyv\/\" target=\"_blank\"><span style=\"color: #3366ff\">http:\/\/www.herrera.unt.edu.ar\/dllyv\/<\/span><\/a><\/span><br \/><span style=\"font-size: x-small;font-family: times new roman,times\"> <a href=\"http:\/\/magisterenluminotecnia.blogspot.com\/\" target=\"_blank\">http:\/\/magisterenluminotecnia.blogspot.com\/<\/a><\/span><\/h6>\n","protected":false},"excerpt":{"rendered":"<p>El ciclo de charlas sobre Nuevas Tecnolog\u00edas en Iluminaci\u00f3n: \u201cLEDs en el alumbrado p\u00fablico\u201d, a cargo del Ing. Juan Pizzani, STRAND S.A., se llevar\u00e1 a cabo el d\u00eda jueves 21 de junio 2012 a horas 19:00, en el Auditorio o Aula A del Departamento de Luminotecnia Luz y Visi\u00f3n de la Facultad de Ciencias Exactas [&hellip;]<\/p>\n","protected":false},"author":6,"featured_media":0,"comment_status":"closed","ping_status":"open","sticky":false,"template":"","format":"standard","meta":[],"categories":[5],"tags":[],"_links":{"self":[{"href":"https:\/\/www.facet.unt.edu.ar\/facetinforma\/wp-json\/wp\/v2\/posts\/1239"}],"collection":[{"href":"https:\/\/www.facet.unt.edu.ar\/facetinforma\/wp-json\/wp\/v2\/posts"}],"about":[{"href":"https:\/\/www.facet.unt.edu.ar\/facetinforma\/wp-json\/wp\/v2\/types\/post"}],"author":[{"embeddable":true,"href":"https:\/\/www.facet.unt.edu.ar\/facetinforma\/wp-json\/wp\/v2\/users\/6"}],"replies":[{"embeddable":true,"href":"https:\/\/www.facet.unt.edu.ar\/facetinforma\/wp-json\/wp\/v2\/comments?post=1239"}],"version-history":[{"count":0,"href":"https:\/\/www.facet.unt.edu.ar\/facetinforma\/wp-json\/wp\/v2\/posts\/1239\/revisions"}],"wp:attachment":[{"href":"https:\/\/www.facet.unt.edu.ar\/facetinforma\/wp-json\/wp\/v2\/media?parent=1239"}],"wp:term":[{"taxonomy":"category","embeddable":true,"href":"https:\/\/www.facet.unt.edu.ar\/facetinforma\/wp-json\/wp\/v2\/categories?post=1239"},{"taxonomy":"post_tag","embeddable":true,"href":"https:\/\/www.facet.unt.edu.ar\/facetinforma\/wp-json\/wp\/v2\/tags?post=1239"}],"curies":[{"name":"wp","href":"https:\/\/api.w.org\/{rel}","templated":true}]}}