{"id":12432,"date":"2017-04-06T13:59:59","date_gmt":"2017-04-06T16:59:59","guid":{"rendered":"https:\/\/www.facet.unt.edu.ar\/facetinforma\/?p=12432"},"modified":"2017-04-06T14:02:56","modified_gmt":"2017-04-06T17:02:56","slug":"taller-las-tic-en-la-ensenanza-de-las-expresiones-algebraicas","status":"publish","type":"post","link":"https:\/\/www.facet.unt.edu.ar\/facetinforma\/2017\/04\/06\/taller-las-tic-en-la-ensenanza-de-las-expresiones-algebraicas\/","title":{"rendered":"Taller \u201cLas TIC en la ense\u00f1anza de las expresiones algebraicas\u201d"},"content":{"rendered":"<p>El equipo de Desarrollo Profesional\u00a0 Docente, formado por\u00a0Mg. Mar\u00eda de las Mercedes Ganim,\u00a0Mg. Mar\u00eda Eugenia Roig,\u00a0Mg. Isabel de Valle Lomas y\u00a0Lic. Juana Ester Vizchi, informa que se encuentra abierta la inscripci\u00f3n para el taller con Evaluaci\u00f3n y Puntaje Docente: \u201cLas TIC en la ense\u00f1anza de las expresiones algebraicas\u201d. El mismo inicia el Viernes 26 de Mayo del corriente a\u00f1o en el Laboratorio de Inform\u00e1tica, Block 2, 4\u00b0 Piso (Aula 2\u20134\u201308) de la FACET.\u00a0 <!--more--><\/p>\n<p><u>CUPO<\/u>: 30 participantes.<\/p>\n<p><u>PREINSCRIPCI\u00d3N POR E-MAIL A<\/u>: <a href=\"mailto:nugim.meni@gmail.com\" target=\"_blank\">nugim.meni@gmail.com<\/a><\/p>\n<p><u>INSCRIPCI\u00d3N<\/u>: hasta el\u00a0 <strong>05 de Mayo de 2017<\/strong><\/p>\n<p>El taller est\u00e1 destinado a docentes del Nivel Secundario y Superior del Sistema Educativo de la modalidad Educaci\u00f3n T\u00e9cnico Profesional y Educaci\u00f3n Rural de las \u00e1reas de las Ciencias F\u00edsico-Matem\u00e1tica y de la Tecnolog\u00eda Inform\u00e1tica.<\/p>\n<p>Para mayor informaci\u00f3n se adjuntan los siguientes archivos:<\/p>\n<ul>\n<li><a href=\"https:\/\/www.facet.unt.edu.ar\/facetinforma\/wp-content\/uploads\/sites\/9\/2017\/04\/Taller-Exp-Alg.pdf\" target=\"_blank\">Taller Expresiones Algebraicas.pdf<\/a><\/li>\n<li><a href=\"https:\/\/www.facet.unt.edu.ar\/facetinforma\/wp-content\/uploads\/sites\/9\/2017\/04\/triptico-2017-Exp-Alg.pdf\" target=\"_blank\">Tr\u00edptico.pdf<\/a><\/li>\n<\/ul>\n<p><a href=\"https:\/\/www.facet.unt.edu.ar\/facetinforma\/wp-content\/uploads\/sites\/9\/2017\/04\/TALLER-EXP-ALGEBRAICAS.png\"><img decoding=\"async\" loading=\"lazy\" class=\"aligncenter wp-image-12435\" src=\"https:\/\/www.facet.unt.edu.ar\/facetinforma\/wp-content\/uploads\/sites\/9\/2017\/04\/TALLER-EXP-ALGEBRAICAS.png\" alt=\"\" width=\"549\" height=\"549\" srcset=\"https:\/\/www.facet.unt.edu.ar\/facetinforma\/wp-content\/uploads\/sites\/9\/2017\/04\/TALLER-EXP-ALGEBRAICAS.png 960w, https:\/\/www.facet.unt.edu.ar\/facetinforma\/wp-content\/uploads\/sites\/9\/2017\/04\/TALLER-EXP-ALGEBRAICAS-150x150.png 150w, https:\/\/www.facet.unt.edu.ar\/facetinforma\/wp-content\/uploads\/sites\/9\/2017\/04\/TALLER-EXP-ALGEBRAICAS-300x300.png 300w, https:\/\/www.facet.unt.edu.ar\/facetinforma\/wp-content\/uploads\/sites\/9\/2017\/04\/TALLER-EXP-ALGEBRAICAS-768x768.png 768w\" sizes=\"(max-width: 549px) 100vw, 549px\" \/><\/a><\/p>\n","protected":false},"excerpt":{"rendered":"<p>El equipo de Desarrollo Profesional\u00a0 Docente, formado por\u00a0Mg. Mar\u00eda de las Mercedes Ganim,\u00a0Mg. Mar\u00eda Eugenia Roig,\u00a0Mg. Isabel de Valle Lomas y\u00a0Lic. Juana Ester Vizchi, informa que se encuentra abierta la inscripci\u00f3n para el taller con Evaluaci\u00f3n y Puntaje Docente: \u201cLas TIC en la ense\u00f1anza de las expresiones algebraicas\u201d. El mismo inicia el Viernes 26 de [&hellip;]<\/p>\n","protected":false},"author":6,"featured_media":0,"comment_status":"closed","ping_status":"closed","sticky":false,"template":"","format":"standard","meta":[],"categories":[5],"tags":[],"_links":{"self":[{"href":"https:\/\/www.facet.unt.edu.ar\/facetinforma\/wp-json\/wp\/v2\/posts\/12432"}],"collection":[{"href":"https:\/\/www.facet.unt.edu.ar\/facetinforma\/wp-json\/wp\/v2\/posts"}],"about":[{"href":"https:\/\/www.facet.unt.edu.ar\/facetinforma\/wp-json\/wp\/v2\/types\/post"}],"author":[{"embeddable":true,"href":"https:\/\/www.facet.unt.edu.ar\/facetinforma\/wp-json\/wp\/v2\/users\/6"}],"replies":[{"embeddable":true,"href":"https:\/\/www.facet.unt.edu.ar\/facetinforma\/wp-json\/wp\/v2\/comments?post=12432"}],"version-history":[{"count":3,"href":"https:\/\/www.facet.unt.edu.ar\/facetinforma\/wp-json\/wp\/v2\/posts\/12432\/revisions"}],"predecessor-version":[{"id":12439,"href":"https:\/\/www.facet.unt.edu.ar\/facetinforma\/wp-json\/wp\/v2\/posts\/12432\/revisions\/12439"}],"wp:attachment":[{"href":"https:\/\/www.facet.unt.edu.ar\/facetinforma\/wp-json\/wp\/v2\/media?parent=12432"}],"wp:term":[{"taxonomy":"category","embeddable":true,"href":"https:\/\/www.facet.unt.edu.ar\/facetinforma\/wp-json\/wp\/v2\/categories?post=12432"},{"taxonomy":"post_tag","embeddable":true,"href":"https:\/\/www.facet.unt.edu.ar\/facetinforma\/wp-json\/wp\/v2\/tags?post=12432"}],"curies":[{"name":"wp","href":"https:\/\/api.w.org\/{rel}","templated":true}]}}