{"id":12622,"date":"2017-05-03T12:09:50","date_gmt":"2017-05-03T15:09:50","guid":{"rendered":"https:\/\/www.facet.unt.edu.ar\/facetinforma\/?p=12622"},"modified":"2017-05-03T12:10:38","modified_gmt":"2017-05-03T15:10:38","slug":"taller-transformando-la-educacion-en-ingenieria-para-la-era-de-la-innovacion","status":"publish","type":"post","link":"https:\/\/www.facet.unt.edu.ar\/facetinforma\/2017\/05\/03\/taller-transformando-la-educacion-en-ingenieria-para-la-era-de-la-innovacion\/","title":{"rendered":"Taller \u201cTransformando la Educaci\u00f3n en Ingenier\u00eda para la Era de la Innovaci\u00f3n\u201d"},"content":{"rendered":"<p>La Facultad de Ciencias Exactas y Tecnolog\u00eda ha iniciado un proceso de transformaci\u00f3n de las Curr\u00edculas de Ingenier\u00eda, con el objeto de incluir la ense\u00f1anza por competencias. En este sentido, se ha organizado el taller <strong>\u201cTransformando la Educaci\u00f3n en Ingenier\u00eda para la Era de la Innovaci\u00f3n\u201d<\/strong> que estar\u00e1 a cargo de los consultores internacionales <strong>Dra. Lueny Morell<\/strong> e <strong>Ing. Uriel Cukierman<\/strong>, y para el cual invitamos a participar a toda la comunidad de la FACET. \u00a0<!--more--><\/p>\n<p>Como actividad inicial se dictar\u00e1n las siguientes conferencias magistrales:<br \/>\n&#8211; \u201dThe Need to Transform, Re-think, Re-engineer Engineering Education&#8221; \u2013 <em>Dra. <\/em><em>Lueny Morell<\/em> (la conferencia ser\u00e1 dictada en Espa\u00f1ol).<br \/>\n&#8211; &#8220;Cr\u00e9ditos o Competencias: La medici\u00f3n del aprendizaje en las carreras de ingenier\u00eda&#8221; \u2013 <em>Ing. Uriel Cukierman<\/em><\/p>\n<p>Las conferencias son abiertas y est\u00e1n previstas para el d\u00eda lunes 8 de Mayo pr\u00f3ximo a las 9:00 hs en el Auditorium del Dpto. de Luminotecnia, Luz y Visi\u00f3n de la FACET.<\/p>\n","protected":false},"excerpt":{"rendered":"<p>La Facultad de Ciencias Exactas y Tecnolog\u00eda ha iniciado un proceso de transformaci\u00f3n de las Curr\u00edculas de Ingenier\u00eda, con el objeto de incluir la ense\u00f1anza por competencias. En este sentido, se ha organizado el taller \u201cTransformando la Educaci\u00f3n en Ingenier\u00eda para la Era de la Innovaci\u00f3n\u201d que estar\u00e1 a cargo de los consultores internacionales Dra. [&hellip;]<\/p>\n","protected":false},"author":6,"featured_media":0,"comment_status":"closed","ping_status":"closed","sticky":false,"template":"","format":"standard","meta":[],"categories":[5],"tags":[],"_links":{"self":[{"href":"https:\/\/www.facet.unt.edu.ar\/facetinforma\/wp-json\/wp\/v2\/posts\/12622"}],"collection":[{"href":"https:\/\/www.facet.unt.edu.ar\/facetinforma\/wp-json\/wp\/v2\/posts"}],"about":[{"href":"https:\/\/www.facet.unt.edu.ar\/facetinforma\/wp-json\/wp\/v2\/types\/post"}],"author":[{"embeddable":true,"href":"https:\/\/www.facet.unt.edu.ar\/facetinforma\/wp-json\/wp\/v2\/users\/6"}],"replies":[{"embeddable":true,"href":"https:\/\/www.facet.unt.edu.ar\/facetinforma\/wp-json\/wp\/v2\/comments?post=12622"}],"version-history":[{"count":1,"href":"https:\/\/www.facet.unt.edu.ar\/facetinforma\/wp-json\/wp\/v2\/posts\/12622\/revisions"}],"predecessor-version":[{"id":12623,"href":"https:\/\/www.facet.unt.edu.ar\/facetinforma\/wp-json\/wp\/v2\/posts\/12622\/revisions\/12623"}],"wp:attachment":[{"href":"https:\/\/www.facet.unt.edu.ar\/facetinforma\/wp-json\/wp\/v2\/media?parent=12622"}],"wp:term":[{"taxonomy":"category","embeddable":true,"href":"https:\/\/www.facet.unt.edu.ar\/facetinforma\/wp-json\/wp\/v2\/categories?post=12622"},{"taxonomy":"post_tag","embeddable":true,"href":"https:\/\/www.facet.unt.edu.ar\/facetinforma\/wp-json\/wp\/v2\/tags?post=12622"}],"curies":[{"name":"wp","href":"https:\/\/api.w.org\/{rel}","templated":true}]}}