{"id":12746,"date":"2017-05-23T14:34:03","date_gmt":"2017-05-23T17:34:03","guid":{"rendered":"https:\/\/www.facet.unt.edu.ar\/facetinforma\/?p=12746"},"modified":"2017-05-23T19:34:36","modified_gmt":"2017-05-23T22:34:36","slug":"presentacion-becas-fundacion-rocca-2017","status":"publish","type":"post","link":"https:\/\/www.facet.unt.edu.ar\/facetinforma\/2017\/05\/23\/presentacion-becas-fundacion-rocca-2017\/","title":{"rendered":"Presentaci\u00f3n Becas Fundaci\u00f3n ROCCA 2017"},"content":{"rendered":"<p>La Fundaci\u00f3n Rocca estar\u00e1 ma\u00f1ana mi\u00e9rcoles 24 de Mayo a horas 09:30 en la Sala de Medios Audiovisuales de la FACET (1\u00ba Piso \u2013 Block 3) realizando el proceso de selecci\u00f3n para el Programa de Becas y les gustar\u00eda que participes del mismo.<!--more--><\/p>\n<p><u>REQUISITOS:<\/u><br \/>\n\u00d8\u00a0Ser Alumno\/a Ingresante de 1\u00ba A\u00f1o de las carreras de Ingenier\u00eda El\u00e9ctrica, Ingenier\u00eda Mec\u00e1nica \u00f3 Ingenier\u00eda Geod\u00e9sica y Geof\u00edsica de la FACET.<br \/>\n\u00d8\u00a0Ingresos mensuales del grupo familiar de hasta $ 25.500.<br \/>\n\u00d8\u00a0Tener hasta 22 a\u00f1os de edad.<\/p>\n<p><a href=\"https:\/\/www.facet.unt.edu.ar\/facetinforma\/wp-content\/uploads\/sites\/9\/2017\/05\/Presentaci\u00f3n-BECAS-FUNDACION-ROCCA.png\"><img decoding=\"async\" loading=\"lazy\" class=\"aligncenter wp-image-12747\" src=\"https:\/\/www.facet.unt.edu.ar\/facetinforma\/wp-content\/uploads\/sites\/9\/2017\/05\/Presentaci\u00f3n-BECAS-FUNDACION-ROCCA.png\" alt=\"\" width=\"535\" height=\"535\" srcset=\"https:\/\/www.facet.unt.edu.ar\/facetinforma\/wp-content\/uploads\/sites\/9\/2017\/05\/Presentaci\u00f3n-BECAS-FUNDACION-ROCCA.png 960w, https:\/\/www.facet.unt.edu.ar\/facetinforma\/wp-content\/uploads\/sites\/9\/2017\/05\/Presentaci\u00f3n-BECAS-FUNDACION-ROCCA-150x150.png 150w, https:\/\/www.facet.unt.edu.ar\/facetinforma\/wp-content\/uploads\/sites\/9\/2017\/05\/Presentaci\u00f3n-BECAS-FUNDACION-ROCCA-300x300.png 300w, https:\/\/www.facet.unt.edu.ar\/facetinforma\/wp-content\/uploads\/sites\/9\/2017\/05\/Presentaci\u00f3n-BECAS-FUNDACION-ROCCA-768x768.png 768w\" sizes=\"(max-width: 535px) 100vw, 535px\" \/><\/a><\/p>\n","protected":false},"excerpt":{"rendered":"<p>La Fundaci\u00f3n Rocca estar\u00e1 ma\u00f1ana mi\u00e9rcoles 24 de Mayo a horas 09:30 en la Sala de Medios Audiovisuales de la FACET (1\u00ba Piso \u2013 Block 3) realizando el proceso de selecci\u00f3n para el Programa de Becas y les gustar\u00eda que participes del mismo.<\/p>\n","protected":false},"author":6,"featured_media":0,"comment_status":"closed","ping_status":"closed","sticky":false,"template":"","format":"standard","meta":[],"categories":[3,5],"tags":[],"_links":{"self":[{"href":"https:\/\/www.facet.unt.edu.ar\/facetinforma\/wp-json\/wp\/v2\/posts\/12746"}],"collection":[{"href":"https:\/\/www.facet.unt.edu.ar\/facetinforma\/wp-json\/wp\/v2\/posts"}],"about":[{"href":"https:\/\/www.facet.unt.edu.ar\/facetinforma\/wp-json\/wp\/v2\/types\/post"}],"author":[{"embeddable":true,"href":"https:\/\/www.facet.unt.edu.ar\/facetinforma\/wp-json\/wp\/v2\/users\/6"}],"replies":[{"embeddable":true,"href":"https:\/\/www.facet.unt.edu.ar\/facetinforma\/wp-json\/wp\/v2\/comments?post=12746"}],"version-history":[{"count":1,"href":"https:\/\/www.facet.unt.edu.ar\/facetinforma\/wp-json\/wp\/v2\/posts\/12746\/revisions"}],"predecessor-version":[{"id":12748,"href":"https:\/\/www.facet.unt.edu.ar\/facetinforma\/wp-json\/wp\/v2\/posts\/12746\/revisions\/12748"}],"wp:attachment":[{"href":"https:\/\/www.facet.unt.edu.ar\/facetinforma\/wp-json\/wp\/v2\/media?parent=12746"}],"wp:term":[{"taxonomy":"category","embeddable":true,"href":"https:\/\/www.facet.unt.edu.ar\/facetinforma\/wp-json\/wp\/v2\/categories?post=12746"},{"taxonomy":"post_tag","embeddable":true,"href":"https:\/\/www.facet.unt.edu.ar\/facetinforma\/wp-json\/wp\/v2\/tags?post=12746"}],"curies":[{"name":"wp","href":"https:\/\/api.w.org\/{rel}","templated":true}]}}