{"id":12759,"date":"2017-05-24T16:52:38","date_gmt":"2017-05-24T19:52:38","guid":{"rendered":"https:\/\/www.facet.unt.edu.ar\/facetinforma\/?p=12759"},"modified":"2017-05-24T18:11:13","modified_gmt":"2017-05-24T21:11:13","slug":"cursos-de-verano-2017-en-la-universidad-internacional-de-andalucia","status":"publish","type":"post","link":"https:\/\/www.facet.unt.edu.ar\/facetinforma\/2017\/05\/24\/cursos-de-verano-2017-en-la-universidad-internacional-de-andalucia\/","title":{"rendered":"Cursos de Verano 2017 en la Universidad Internacional de Andaluc\u00eda"},"content":{"rendered":"<p>La Universidad Internacional de Andaluc\u00eda convoca para el a\u00f1o 2017 veinticinco (25) ayudas, una por cada universidad que la solicite, para facilitar la movilidad de alumnos procedentes de las distintas Universidades, miembros del Grupo R\u00e1bida, a los Cursos de Verano que se celebrar\u00e1n en el Campus Santa Mar\u00eda de La R\u00e1bida de la Universidad Internacional de Andaluc\u00eda, desde el 10 hasta el 28 de julio de 2017.<!--more--><\/p>\n<p><span class=\"clip_info-title\">Para m\u00e1s informaci\u00f3n, ver el siguiente video de los <a href=\"https:\/\/vimeo.com\/216833484\" target=\"_blank\" rel=\"noopener noreferrer\">Cursos de Verano UNIA 2017<\/a><\/span><\/p>\n<p>M<span class=\"text_exposed_show\">ayores informes en los archivos adjuntos:<\/span><br \/>\n<span class=\"text_exposed_show\">&#8211; <a href=\"https:\/\/goo.gl\/DqBpb5\" target=\"_blank\" rel=\"noopener noreferrer\">Cursos de Verano UNIA 2017.pdf<\/a><br \/>\n&#8211; <a href=\"https:\/\/goo.gl\/P44isH\" target=\"_blank\" rel=\"noopener noreferrer\">Acuerdo 11\/2017.pdf<\/a><br \/>\n<\/span><br \/>\n<a href=\"https:\/\/www.facet.unt.edu.ar\/facetinforma\/wp-content\/uploads\/sites\/9\/2017\/05\/CURSOS-DE-VERANO-2017-UNIA.jpg\"><img decoding=\"async\" loading=\"lazy\" class=\"aligncenter wp-image-12766 size-full\" src=\"https:\/\/www.facet.unt.edu.ar\/facetinforma\/wp-content\/uploads\/sites\/9\/2017\/05\/CURSOS-DE-VERANO-2017-UNIA.jpg\" alt=\"\" width=\"557\" height=\"590\" srcset=\"https:\/\/www.facet.unt.edu.ar\/facetinforma\/wp-content\/uploads\/sites\/9\/2017\/05\/CURSOS-DE-VERANO-2017-UNIA.jpg 557w, https:\/\/www.facet.unt.edu.ar\/facetinforma\/wp-content\/uploads\/sites\/9\/2017\/05\/CURSOS-DE-VERANO-2017-UNIA-283x300.jpg 283w\" sizes=\"(max-width: 557px) 100vw, 557px\" \/><\/a><\/p>\n","protected":false},"excerpt":{"rendered":"<p>La Universidad Internacional de Andaluc\u00eda convoca para el a\u00f1o 2017 veinticinco (25) ayudas, una por cada universidad que la solicite, para facilitar la movilidad de alumnos procedentes de las distintas Universidades, miembros del Grupo R\u00e1bida, a los Cursos de Verano que se celebrar\u00e1n en el Campus Santa Mar\u00eda de La R\u00e1bida de la Universidad Internacional [&hellip;]<\/p>\n","protected":false},"author":6,"featured_media":0,"comment_status":"closed","ping_status":"closed","sticky":false,"template":"","format":"standard","meta":[],"categories":[5],"tags":[],"_links":{"self":[{"href":"https:\/\/www.facet.unt.edu.ar\/facetinforma\/wp-json\/wp\/v2\/posts\/12759"}],"collection":[{"href":"https:\/\/www.facet.unt.edu.ar\/facetinforma\/wp-json\/wp\/v2\/posts"}],"about":[{"href":"https:\/\/www.facet.unt.edu.ar\/facetinforma\/wp-json\/wp\/v2\/types\/post"}],"author":[{"embeddable":true,"href":"https:\/\/www.facet.unt.edu.ar\/facetinforma\/wp-json\/wp\/v2\/users\/6"}],"replies":[{"embeddable":true,"href":"https:\/\/www.facet.unt.edu.ar\/facetinforma\/wp-json\/wp\/v2\/comments?post=12759"}],"version-history":[{"count":9,"href":"https:\/\/www.facet.unt.edu.ar\/facetinforma\/wp-json\/wp\/v2\/posts\/12759\/revisions"}],"predecessor-version":[{"id":12769,"href":"https:\/\/www.facet.unt.edu.ar\/facetinforma\/wp-json\/wp\/v2\/posts\/12759\/revisions\/12769"}],"wp:attachment":[{"href":"https:\/\/www.facet.unt.edu.ar\/facetinforma\/wp-json\/wp\/v2\/media?parent=12759"}],"wp:term":[{"taxonomy":"category","embeddable":true,"href":"https:\/\/www.facet.unt.edu.ar\/facetinforma\/wp-json\/wp\/v2\/categories?post=12759"},{"taxonomy":"post_tag","embeddable":true,"href":"https:\/\/www.facet.unt.edu.ar\/facetinforma\/wp-json\/wp\/v2\/tags?post=12759"}],"curies":[{"name":"wp","href":"https:\/\/api.w.org\/{rel}","templated":true}]}}