{"id":12771,"date":"2017-05-24T18:38:44","date_gmt":"2017-05-24T21:38:44","guid":{"rendered":"https:\/\/www.facet.unt.edu.ar\/facetinforma\/?p=12771"},"modified":"2017-05-24T18:39:11","modified_gmt":"2017-05-24T21:39:11","slug":"curso-universitario-sistemas-de-aseguramiento-de-la-calidad","status":"publish","type":"post","link":"https:\/\/www.facet.unt.edu.ar\/facetinforma\/2017\/05\/24\/curso-universitario-sistemas-de-aseguramiento-de-la-calidad\/","title":{"rendered":"Curso Universitario \u201cSistemas de aseguramiento de la calidad\u201d"},"content":{"rendered":"<p>El curso \u201cSistemas de aseguramiento de la calidad\u201d se realizar\u00e1 este Viernes 26 de Mayo (15 a 21hs) y el S\u00e1bado 27 de Mayo (8:30 a 13:30) en la Sala de Medios Audiovisuales, Block 3, 1\u00b0 Piso, FACET (Av. Independencia 1800). El mismo estar\u00e1 a cargo del <strong>Ing. Sergio Gor<\/strong> y de la <strong>Ing. Silvina Grupalli.<br \/>\n<\/strong><!--more--><\/p>\n<p><span style=\"text-decoration: underline\">Contenidos<\/span><br \/>\nConcepto de calidad, Organismos de normalizaci\u00f3n, certificaci\u00f3n y acreditaci\u00f3n. Control de calidad y aseguramiento de la calidad. Sistemas de gesti\u00f3n normalizados. Fases de dise\u00f1o. Responsabilidades. Rol de responsable de la calidad. Rol de la Direcci\u00f3n &#8211; Documentaci\u00f3n. Procedimientos. Registros.- Procesos. Visi\u00f3n y gesti\u00f3n. Ciclo PDCA. Planificaci\u00f3n. Control. Herramientas de la calidad.<\/p>\n<p><span style=\"text-decoration: underline\">Sobre disertantes<\/span>:<\/p>\n<p><a href=\"https:\/\/www.facet.unt.edu.ar\/facetinforma\/wp-content\/uploads\/sites\/9\/2017\/05\/ING-GOR.png\"><img decoding=\"async\" loading=\"lazy\" class=\"aligncenter size-full wp-image-12772\" src=\"https:\/\/www.facet.unt.edu.ar\/facetinforma\/wp-content\/uploads\/sites\/9\/2017\/05\/ING-GOR.png\" alt=\"\" width=\"227\" height=\"222\" \/><\/a><strong>Ing. Sergio Go<\/strong>r: Mag\u00edster en Luminotecnia &#8211; DGQ Qualist\u00e4t Manager \/ EOQ Quality System Manager, 1998 Deutsche Gesellschaft f\u00fcr Qualit\u00e4t &#8211; Auditor L\u00edder de Sistemas de Gesti\u00f3n de la Calidad \u00a0(IRAM) &#8211; Evaluador L\u00edder de Sistemas de Gesti\u00f3n para Laboratorios, 2007, Organismo Argentino de Acreditaci\u00f3n (OAA) &#8211; CONICET (Profesional Principal).<\/p>\n<p><a href=\"https:\/\/www.facet.unt.edu.ar\/facetinforma\/wp-content\/uploads\/sites\/9\/2017\/05\/ING-GRUPALLI.png\"><img decoding=\"async\" loading=\"lazy\" class=\"aligncenter size-full wp-image-12773\" src=\"https:\/\/www.facet.unt.edu.ar\/facetinforma\/wp-content\/uploads\/sites\/9\/2017\/05\/ING-GRUPALLI.png\" alt=\"\" width=\"220\" height=\"229\" \/><\/a><strong>Ing. Silvina Grupalli:<\/strong> Especialista en Gerencia y Vinculaci\u00f3n Tecnol\u00f3gica\u201d &#8211; Docente universitaria en \u201cInstrumentaci\u00f3n \u00a0Industrial\u201d, \u00a0\u201cGesti\u00f3n ambiental, salud ocupacional y seguridad\u201d, Participante en diversos desarrollos tecnol\u00f3gicos y de Metrolog\u00eda en el Laboratorio \u00a0de Instrumentaci\u00f3n Industrial, FACET, UNT.<\/p>\n<p><span style=\"text-decoration: underline\">Aranceles<\/span>:<br \/>\nP\u00fablico en General: $2000<br \/>\nEstudiantes Universitarios: $1000<br \/>\nSocios Fundaci\u00f3n del Tucum\u00e1n: 20% de descuento<br \/>\nGraduados FACET: 20% de descuento<\/p>\n<p>Incluye Cofee-Breaks. Se entregan Certificados<\/p>\n<p><span style=\"text-decoration: underline\">Mayores informes en<\/span>:<br \/>\nE-mail:\u00a0<a href=\"mailto:industrial@herrera.unt.edu.ar\">industrial@herrera.unt.edu.ar<\/a><br \/>\nWsp: 3816 408 406<br \/>\nFacebook: CenidiiUNT<\/p>\n","protected":false},"excerpt":{"rendered":"<p>El curso \u201cSistemas de aseguramiento de la calidad\u201d se realizar\u00e1 este Viernes 26 de Mayo (15 a 21hs) y el S\u00e1bado 27 de Mayo (8:30 a 13:30) en la Sala de Medios Audiovisuales, Block 3, 1\u00b0 Piso, FACET (Av. Independencia 1800). El mismo estar\u00e1 a cargo del Ing. Sergio Gor y de la Ing. Silvina [&hellip;]<\/p>\n","protected":false},"author":6,"featured_media":0,"comment_status":"closed","ping_status":"closed","sticky":false,"template":"","format":"standard","meta":[],"categories":[5],"tags":[],"_links":{"self":[{"href":"https:\/\/www.facet.unt.edu.ar\/facetinforma\/wp-json\/wp\/v2\/posts\/12771"}],"collection":[{"href":"https:\/\/www.facet.unt.edu.ar\/facetinforma\/wp-json\/wp\/v2\/posts"}],"about":[{"href":"https:\/\/www.facet.unt.edu.ar\/facetinforma\/wp-json\/wp\/v2\/types\/post"}],"author":[{"embeddable":true,"href":"https:\/\/www.facet.unt.edu.ar\/facetinforma\/wp-json\/wp\/v2\/users\/6"}],"replies":[{"embeddable":true,"href":"https:\/\/www.facet.unt.edu.ar\/facetinforma\/wp-json\/wp\/v2\/comments?post=12771"}],"version-history":[{"count":2,"href":"https:\/\/www.facet.unt.edu.ar\/facetinforma\/wp-json\/wp\/v2\/posts\/12771\/revisions"}],"predecessor-version":[{"id":12775,"href":"https:\/\/www.facet.unt.edu.ar\/facetinforma\/wp-json\/wp\/v2\/posts\/12771\/revisions\/12775"}],"wp:attachment":[{"href":"https:\/\/www.facet.unt.edu.ar\/facetinforma\/wp-json\/wp\/v2\/media?parent=12771"}],"wp:term":[{"taxonomy":"category","embeddable":true,"href":"https:\/\/www.facet.unt.edu.ar\/facetinforma\/wp-json\/wp\/v2\/categories?post=12771"},{"taxonomy":"post_tag","embeddable":true,"href":"https:\/\/www.facet.unt.edu.ar\/facetinforma\/wp-json\/wp\/v2\/tags?post=12771"}],"curies":[{"name":"wp","href":"https:\/\/api.w.org\/{rel}","templated":true}]}}