{"id":12873,"date":"2017-06-06T15:20:27","date_gmt":"2017-06-06T18:20:27","guid":{"rendered":"https:\/\/www.facet.unt.edu.ar\/facetinforma\/?p=12873"},"modified":"2017-06-06T17:32:39","modified_gmt":"2017-06-06T20:32:39","slug":"se-encuentra-abierta-la-convocatoria-a-la-distincion-investigadora-de-la-nacion-argentina-2017","status":"publish","type":"post","link":"https:\/\/www.facet.unt.edu.ar\/facetinforma\/2017\/06\/06\/se-encuentra-abierta-la-convocatoria-a-la-distincion-investigadora-de-la-nacion-argentina-2017\/","title":{"rendered":"Se encuentra abierta la convocatoria a la Distinci\u00f3n Investigador\/a de la Naci\u00f3n Argentina 2017"},"content":{"rendered":"<p>La Distinci\u00f3n Investigador\/a de la Naci\u00f3n es el m\u00e1ximo galard\u00f3n que se entrega en Argentina al referente m\u00e1s sobresaliente del sistema cient\u00edfico nacional. Es organizado por el Ministerio de Ciencia, Tecnolog\u00eda e Innovaci\u00f3n Productiva a trav\u00e9s de la Secretar\u00eda de Planeamiento y Pol\u00edticas en Ciencia, Tecnolog\u00eda e Innovaci\u00f3n Productiva y busca reconocer a cient\u00edficos\/as que contribuyeron a lo largo de su carrera a la producci\u00f3n de nuevos conocimientos, a desarrollar innovaciones de impacto social y productivo y a promover la transferencia de conocimiento y la formaci\u00f3n de recursos humanos. <!--more--><\/p>\n<p>Pueden postularse investigadores o tecn\u00f3logos, residentes en el pa\u00eds o en el exterior, mediante la presentaci\u00f3n de una instituci\u00f3n o empresa y tambi\u00e9n en forma individual con aval institucional.<\/p>\n<p><span style=\"text-decoration: underline\">\u00c1reas de Conocimiento<\/span>:<br \/>\n1- CIENCIAS DE LA SALUD HUMANA, ANIMAL Y VEGETAL.<br \/>\n2- INGENIER\u00cdAS, ARQUITECTURAS, INFORM\u00c1TICA.<br \/>\n3- CIENCIAS Y TECNOLOG\u00cdAS AMBIENTALES.<br \/>\n4- CIENCIAS HUMANAS.<\/p>\n<p><span style=\"text-decoration: underline\">Galardones<\/span>:<br \/>\nPREMIO HOUSSAY: investigadores menores de 45 a\u00f1os.<br \/>\nPREMIO HOUSSAY TRAYECTORIA: investigadores mayores de 45 a\u00f1os.<br \/>\nPREMIO JORGE SABATO: investigadores dedicados a la transferencia y desarrollo tecnol\u00f3gicos con impacto econ\u00f3mico y productivo.<\/p>\n<p><u>Fechas de presentaciones<\/u>:<br \/>\n<strong>7 de Julio de 2017<\/strong> (inclusive): presentaci\u00f3n de postulaciones por parte de instituciones cient\u00edficas o empresas.<br \/>\n<strong>14 de Julio de 2017<\/strong> (inclusive): presentaciones individuales con aval institucional.<\/p>\n<p>Bases y condiciones en: <a href=\"http:\/\/www.investigadordelanacion.mincyt.gob.ar\" target=\"_blank\" rel=\"noopener noreferrer\">www.investigadordelanacion.mincyt.gob.ar<\/a><\/p>\n<p>Consultas:<br \/>\nE-mail: <a href=\"mailto:investigadordelanacion@mincyt.gob.ar\">investigadordelanacion@mincyt.gob.ar<\/a><br \/>\nTel.: (011)4899-5000 Int. 3128\/3130<\/p>\n<p><a href=\"https:\/\/www.facet.unt.edu.ar\/facetinforma\/wp-content\/uploads\/sites\/9\/2017\/06\/distinci\u00f3n-investigador-2017.png\"><img decoding=\"async\" loading=\"lazy\" class=\"aligncenter  wp-image-12883\" src=\"https:\/\/www.facet.unt.edu.ar\/facetinforma\/wp-content\/uploads\/sites\/9\/2017\/06\/distinci\u00f3n-investigador-2017.png\" alt=\"\" width=\"552\" height=\"552\" srcset=\"https:\/\/www.facet.unt.edu.ar\/facetinforma\/wp-content\/uploads\/sites\/9\/2017\/06\/distinci\u00f3n-investigador-2017.png 960w, https:\/\/www.facet.unt.edu.ar\/facetinforma\/wp-content\/uploads\/sites\/9\/2017\/06\/distinci\u00f3n-investigador-2017-150x150.png 150w, https:\/\/www.facet.unt.edu.ar\/facetinforma\/wp-content\/uploads\/sites\/9\/2017\/06\/distinci\u00f3n-investigador-2017-300x300.png 300w, https:\/\/www.facet.unt.edu.ar\/facetinforma\/wp-content\/uploads\/sites\/9\/2017\/06\/distinci\u00f3n-investigador-2017-768x768.png 768w\" sizes=\"(max-width: 552px) 100vw, 552px\" \/><\/a><\/p>\n","protected":false},"excerpt":{"rendered":"<p>La Distinci\u00f3n Investigador\/a de la Naci\u00f3n es el m\u00e1ximo galard\u00f3n que se entrega en Argentina al referente m\u00e1s sobresaliente del sistema cient\u00edfico nacional. Es organizado por el Ministerio de Ciencia, Tecnolog\u00eda e Innovaci\u00f3n Productiva a trav\u00e9s de la Secretar\u00eda de Planeamiento y Pol\u00edticas en Ciencia, Tecnolog\u00eda e Innovaci\u00f3n Productiva y busca reconocer a cient\u00edficos\/as que [&hellip;]<\/p>\n","protected":false},"author":6,"featured_media":0,"comment_status":"closed","ping_status":"closed","sticky":false,"template":"","format":"standard","meta":[],"categories":[5],"tags":[],"_links":{"self":[{"href":"https:\/\/www.facet.unt.edu.ar\/facetinforma\/wp-json\/wp\/v2\/posts\/12873"}],"collection":[{"href":"https:\/\/www.facet.unt.edu.ar\/facetinforma\/wp-json\/wp\/v2\/posts"}],"about":[{"href":"https:\/\/www.facet.unt.edu.ar\/facetinforma\/wp-json\/wp\/v2\/types\/post"}],"author":[{"embeddable":true,"href":"https:\/\/www.facet.unt.edu.ar\/facetinforma\/wp-json\/wp\/v2\/users\/6"}],"replies":[{"embeddable":true,"href":"https:\/\/www.facet.unt.edu.ar\/facetinforma\/wp-json\/wp\/v2\/comments?post=12873"}],"version-history":[{"count":4,"href":"https:\/\/www.facet.unt.edu.ar\/facetinforma\/wp-json\/wp\/v2\/posts\/12873\/revisions"}],"predecessor-version":[{"id":12884,"href":"https:\/\/www.facet.unt.edu.ar\/facetinforma\/wp-json\/wp\/v2\/posts\/12873\/revisions\/12884"}],"wp:attachment":[{"href":"https:\/\/www.facet.unt.edu.ar\/facetinforma\/wp-json\/wp\/v2\/media?parent=12873"}],"wp:term":[{"taxonomy":"category","embeddable":true,"href":"https:\/\/www.facet.unt.edu.ar\/facetinforma\/wp-json\/wp\/v2\/categories?post=12873"},{"taxonomy":"post_tag","embeddable":true,"href":"https:\/\/www.facet.unt.edu.ar\/facetinforma\/wp-json\/wp\/v2\/tags?post=12873"}],"curies":[{"name":"wp","href":"https:\/\/api.w.org\/{rel}","templated":true}]}}