{"id":12900,"date":"2017-06-08T08:05:15","date_gmt":"2017-06-08T11:05:15","guid":{"rendered":"https:\/\/www.facet.unt.edu.ar\/facetinforma\/?p=12900"},"modified":"2017-06-08T19:08:09","modified_gmt":"2017-06-08T22:08:09","slug":"hoy-actuara-la-banda-sinfonica-de-la-provincia-en-la-facet","status":"publish","type":"post","link":"https:\/\/www.facet.unt.edu.ar\/facetinforma\/2017\/06\/08\/hoy-actuara-la-banda-sinfonica-de-la-provincia-en-la-facet\/","title":{"rendered":"Hoy actuar\u00e1 la Banda Sinf\u00f3nica de la Provincia en la FACET"},"content":{"rendered":"<p>Se invita a la comunidad universitaria a participar de la actuaci\u00f3n de la <strong>Banda Sinf\u00f3nica de la Provincia<\/strong>, con la Direcci\u00f3n del <strong>Maestro \u00c1lvaro Garc\u00eda<\/strong>, hoy <strong>jueves 08 de Junio<\/strong> a horas <strong>12:00<\/strong> en el <strong>Block 2<\/strong>. <!--more--><\/p>\n<p>Esta actividad es gratuita y se realiza en el marco de la Semana de la Ingenier\u00eda Argentina.<\/p>\n<p><a href=\"https:\/\/www.facet.unt.edu.ar\/facetinforma\/wp-content\/uploads\/sites\/9\/2017\/06\/Banda-Sinf\u00f3nica-de-la-Provincia.jpg\"><img decoding=\"async\" loading=\"lazy\" class=\"aligncenter  wp-image-12901\" src=\"https:\/\/www.facet.unt.edu.ar\/facetinforma\/wp-content\/uploads\/sites\/9\/2017\/06\/Banda-Sinf\u00f3nica-de-la-Provincia.jpg\" alt=\"\" width=\"679\" height=\"452\" srcset=\"https:\/\/www.facet.unt.edu.ar\/facetinforma\/wp-content\/uploads\/sites\/9\/2017\/06\/Banda-Sinf\u00f3nica-de-la-Provincia.jpg 960w, https:\/\/www.facet.unt.edu.ar\/facetinforma\/wp-content\/uploads\/sites\/9\/2017\/06\/Banda-Sinf\u00f3nica-de-la-Provincia-300x200.jpg 300w, https:\/\/www.facet.unt.edu.ar\/facetinforma\/wp-content\/uploads\/sites\/9\/2017\/06\/Banda-Sinf\u00f3nica-de-la-Provincia-768x511.jpg 768w, https:\/\/www.facet.unt.edu.ar\/facetinforma\/wp-content\/uploads\/sites\/9\/2017\/06\/Banda-Sinf\u00f3nica-de-la-Provincia-272x182.jpg 272w\" sizes=\"(max-width: 679px) 100vw, 679px\" \/><\/a><\/p>\n","protected":false},"excerpt":{"rendered":"<p>Se invita a la comunidad universitaria a participar de la actuaci\u00f3n de la Banda Sinf\u00f3nica de la Provincia, con la Direcci\u00f3n del Maestro \u00c1lvaro Garc\u00eda, hoy jueves 08 de Junio a horas 12:00 en el Block 2.<\/p>\n","protected":false},"author":6,"featured_media":0,"comment_status":"closed","ping_status":"closed","sticky":false,"template":"","format":"standard","meta":[],"categories":[5],"tags":[],"_links":{"self":[{"href":"https:\/\/www.facet.unt.edu.ar\/facetinforma\/wp-json\/wp\/v2\/posts\/12900"}],"collection":[{"href":"https:\/\/www.facet.unt.edu.ar\/facetinforma\/wp-json\/wp\/v2\/posts"}],"about":[{"href":"https:\/\/www.facet.unt.edu.ar\/facetinforma\/wp-json\/wp\/v2\/types\/post"}],"author":[{"embeddable":true,"href":"https:\/\/www.facet.unt.edu.ar\/facetinforma\/wp-json\/wp\/v2\/users\/6"}],"replies":[{"embeddable":true,"href":"https:\/\/www.facet.unt.edu.ar\/facetinforma\/wp-json\/wp\/v2\/comments?post=12900"}],"version-history":[{"count":1,"href":"https:\/\/www.facet.unt.edu.ar\/facetinforma\/wp-json\/wp\/v2\/posts\/12900\/revisions"}],"predecessor-version":[{"id":12902,"href":"https:\/\/www.facet.unt.edu.ar\/facetinforma\/wp-json\/wp\/v2\/posts\/12900\/revisions\/12902"}],"wp:attachment":[{"href":"https:\/\/www.facet.unt.edu.ar\/facetinforma\/wp-json\/wp\/v2\/media?parent=12900"}],"wp:term":[{"taxonomy":"category","embeddable":true,"href":"https:\/\/www.facet.unt.edu.ar\/facetinforma\/wp-json\/wp\/v2\/categories?post=12900"},{"taxonomy":"post_tag","embeddable":true,"href":"https:\/\/www.facet.unt.edu.ar\/facetinforma\/wp-json\/wp\/v2\/tags?post=12900"}],"curies":[{"name":"wp","href":"https:\/\/api.w.org\/{rel}","templated":true}]}}