{"id":13073,"date":"2017-08-03T12:47:56","date_gmt":"2017-08-03T15:47:56","guid":{"rendered":"https:\/\/www.facet.unt.edu.ar\/facetinforma\/?p=13073"},"modified":"2017-08-04T22:58:02","modified_gmt":"2017-08-05T01:58:02","slug":"curso-de-posgrado-calculo-superior","status":"publish","type":"post","link":"https:\/\/www.facet.unt.edu.ar\/facetinforma\/2017\/08\/03\/curso-de-posgrado-calculo-superior\/","title":{"rendered":"Curso de Posgrado \u201cC\u00e1lculo Superior\u201d"},"content":{"rendered":"<p>El viernes 01 de Septiembre del corriente a\u00f1o, dar\u00e1 comienzo el curso de posgrado<strong> \u201cC\u00e1lculo Superior\u201d<\/strong>, a\u00a0cargo de la\u00a0<strong>Mg. Mar\u00eda Marcela Lazarte<\/strong>.<!--more--><\/p>\n<p>El mismo forma parte de los cursos obligatorios de la Maestr\u00eda en Matem\u00e1tica por Resoluci\u00f3n N\u00ba 0489\/03 del HCS de la UNT, y tiene como principal objetivo profundizar en el \u00e1rea en la que se relaciona el An\u00e1lisis Matem\u00e1tico con el \u00c1lgebra y la Geometr\u00eda, introduciendo al alumno en temas de importancia en la teor\u00eda matem\u00e1tica imprescindible en grandes \u00e1reas de investigaci\u00f3n actual.<\/p>\n<p>Se llevar\u00e1 a cabo en el Aula 2-4-9. Block 2, 4to Piso del Departamento de Matem\u00e1tica de la FACET, en el horario de 14:30 a 19 hs.<\/p>\n<ul>\n<li><strong>Disciplina<\/strong>: Geometr\u00eda<\/li>\n<li><strong>Contenido:\u00a0<\/strong>Derivada en espacios vectoriales. El teorema de la funci\u00f3n inversa. Introducci\u00f3n a las Variedades Diferenciables.<\/li>\n<li><strong>Condiciones de Admisi\u00f3n<\/strong>: Poseer conocimientos de C\u00e1lculo en varias Variables, Topolog\u00eda General y Espacios Normados.<\/li>\n<li><strong>N\u00famero m\u00ednimo de inscriptos<\/strong>: 3 (tres)<\/li>\n<li><strong>N\u00famero m\u00e1ximo de plazas a admitir<\/strong>: 15 (quince)<\/li>\n<li><strong>Carga horaria<\/strong>: 70 horas, distribuidas en encuentros los d\u00edas viernes. Clases de consulta a fijar.<\/li>\n<li><strong>Sistema de evaluaci\u00f3n<\/strong>: Examen final.<\/li>\n<li><strong>Coordinador<\/strong>: Mg. Estela F\u00e1tima Fern\u00e1ndez<\/li>\n<li><strong>Requisitos de asistencia<\/strong>: 80%.<\/li>\n<li><strong>Arancel: <\/strong>$2500.<\/li>\n<\/ul>\n<p>Informes e Inscripci\u00f3n:\u00a0<a href=\"mailto:efernandez@herrera.unt.edu.ar\">efernandez@herrera.unt.edu.ar<\/a><\/p>\n<p><a href=\"https:\/\/www.facet.unt.edu.ar\/facetinforma\/wp-content\/uploads\/sites\/9\/2017\/08\/CURSO-DE-POSGRADO.png\"><img decoding=\"async\" loading=\"lazy\" class=\"aligncenter  wp-image-13078\" src=\"https:\/\/www.facet.unt.edu.ar\/facetinforma\/wp-content\/uploads\/sites\/9\/2017\/08\/CURSO-DE-POSGRADO-927x1024.png\" alt=\"\" width=\"607\" height=\"670\" srcset=\"https:\/\/www.facet.unt.edu.ar\/facetinforma\/wp-content\/uploads\/sites\/9\/2017\/08\/CURSO-DE-POSGRADO-927x1024.png 927w, https:\/\/www.facet.unt.edu.ar\/facetinforma\/wp-content\/uploads\/sites\/9\/2017\/08\/CURSO-DE-POSGRADO-272x300.png 272w, https:\/\/www.facet.unt.edu.ar\/facetinforma\/wp-content\/uploads\/sites\/9\/2017\/08\/CURSO-DE-POSGRADO-768x848.png 768w, https:\/\/www.facet.unt.edu.ar\/facetinforma\/wp-content\/uploads\/sites\/9\/2017\/08\/CURSO-DE-POSGRADO.png 1817w\" sizes=\"(max-width: 607px) 100vw, 607px\" \/><\/a><\/p>\n","protected":false},"excerpt":{"rendered":"<p>El viernes 01 de Septiembre del corriente a\u00f1o, dar\u00e1 comienzo el curso de posgrado \u201cC\u00e1lculo Superior\u201d, a\u00a0cargo de la\u00a0Mg. Mar\u00eda Marcela Lazarte.<\/p>\n","protected":false},"author":6,"featured_media":0,"comment_status":"closed","ping_status":"closed","sticky":false,"template":"","format":"standard","meta":[],"categories":[5,4],"tags":[],"_links":{"self":[{"href":"https:\/\/www.facet.unt.edu.ar\/facetinforma\/wp-json\/wp\/v2\/posts\/13073"}],"collection":[{"href":"https:\/\/www.facet.unt.edu.ar\/facetinforma\/wp-json\/wp\/v2\/posts"}],"about":[{"href":"https:\/\/www.facet.unt.edu.ar\/facetinforma\/wp-json\/wp\/v2\/types\/post"}],"author":[{"embeddable":true,"href":"https:\/\/www.facet.unt.edu.ar\/facetinforma\/wp-json\/wp\/v2\/users\/6"}],"replies":[{"embeddable":true,"href":"https:\/\/www.facet.unt.edu.ar\/facetinforma\/wp-json\/wp\/v2\/comments?post=13073"}],"version-history":[{"count":5,"href":"https:\/\/www.facet.unt.edu.ar\/facetinforma\/wp-json\/wp\/v2\/posts\/13073\/revisions"}],"predecessor-version":[{"id":13079,"href":"https:\/\/www.facet.unt.edu.ar\/facetinforma\/wp-json\/wp\/v2\/posts\/13073\/revisions\/13079"}],"wp:attachment":[{"href":"https:\/\/www.facet.unt.edu.ar\/facetinforma\/wp-json\/wp\/v2\/media?parent=13073"}],"wp:term":[{"taxonomy":"category","embeddable":true,"href":"https:\/\/www.facet.unt.edu.ar\/facetinforma\/wp-json\/wp\/v2\/categories?post=13073"},{"taxonomy":"post_tag","embeddable":true,"href":"https:\/\/www.facet.unt.edu.ar\/facetinforma\/wp-json\/wp\/v2\/tags?post=13073"}],"curies":[{"name":"wp","href":"https:\/\/api.w.org\/{rel}","templated":true}]}}