{"id":13356,"date":"2017-09-15T17:21:29","date_gmt":"2017-09-15T20:21:29","guid":{"rendered":"https:\/\/www.facet.unt.edu.ar\/facetinforma\/?p=13356"},"modified":"2017-09-15T17:26:13","modified_gmt":"2017-09-15T20:26:13","slug":"convocatoria-de-proyectos-de-vinculacion-tecnologica-agregando-valor-2017","status":"publish","type":"post","link":"https:\/\/www.facet.unt.edu.ar\/facetinforma\/2017\/09\/15\/convocatoria-de-proyectos-de-vinculacion-tecnologica-agregando-valor-2017\/","title":{"rendered":"Convocatoria de Proyectos de Vinculaci\u00f3n Tecnol\u00f3gica &#8220;Agregando Valor 2017&#8221;"},"content":{"rendered":"<p>Se encuentra abierta la Convocatoria de Proyectos de Vinculaci\u00f3n Tecnol\u00f3gica &#8220;Agregando Valor 2017&#8221;. La misma est\u00e1 orientada a la generaci\u00f3n de proyectos de alto impacto con la finalidad de transferir conocimientos y tecnolog\u00edas innovadoras al sector socio-productivo nacional. <!--more--><\/p>\n<p><strong>Cierre de la presentaci\u00f3n:<\/strong> 29 de Septiembre de 2017.<\/p>\n<p><strong>Destinatarios:<\/strong> Universidades nacionales y provinciales debidamente acreditadas.<\/p>\n<p><strong>L\u00edneas de financiamiento:\u00a0<\/strong><br \/>\n<strong>Dimensi\u00f3n1: <\/strong>Industria energ\u00e9tica, petrolera, gas\u00edfera, petroqu\u00edmica, y energ\u00edas alternativas; Industria agroalimentaria; Nanotecnolog\u00eda; Gen\u00e9tica, biotecnolog\u00eda y ciencias para la salud; Ambiente, desarrollo urbano y sustentabilidad.<br \/>\n<strong>Dimensi\u00f3n 2: <\/strong>Industria del Software; Innovaci\u00f3n y dise\u00f1o; Productividad y calidad PyME; Estrategia comercial (desarrollo de planes de marketing, dise\u00f1o de marca o producto, fortalecimiento de capacidad exportadora, entre otros); Otros (l\u00ednea tem\u00e1tica a elecci\u00f3n con justificaci\u00f3n).<\/p>\n<p>Mayores informes en: <a href=\"http:\/\/goo.gl\/AefbQW\" target=\"_blank\" rel=\"noopener\">goo.gl\/AefbQW<\/a><\/p>\n<p>Consultas a:\u00a0<a href=\"mailto:agregandovalor@educacion.gob.ar\">agregandovalor@educacion.gob.ar<\/a><\/p>\n<p>&nbsp;<\/p>\n<p><a href=\"https:\/\/www.facet.unt.edu.ar\/facetinforma\/wp-content\/uploads\/sites\/9\/2017\/09\/FLYER-AGREGANDO-VALOR-2017-1.jpg\"><img decoding=\"async\" loading=\"lazy\" class=\"aligncenter wp-image-13357\" src=\"https:\/\/www.facet.unt.edu.ar\/facetinforma\/wp-content\/uploads\/sites\/9\/2017\/09\/FLYER-AGREGANDO-VALOR-2017-1-1024x768.jpg\" alt=\"\" width=\"516\" height=\"387\" srcset=\"https:\/\/www.facet.unt.edu.ar\/facetinforma\/wp-content\/uploads\/sites\/9\/2017\/09\/FLYER-AGREGANDO-VALOR-2017-1-1024x768.jpg 1024w, https:\/\/www.facet.unt.edu.ar\/facetinforma\/wp-content\/uploads\/sites\/9\/2017\/09\/FLYER-AGREGANDO-VALOR-2017-1-300x225.jpg 300w, https:\/\/www.facet.unt.edu.ar\/facetinforma\/wp-content\/uploads\/sites\/9\/2017\/09\/FLYER-AGREGANDO-VALOR-2017-1-768x576.jpg 768w\" sizes=\"(max-width: 516px) 100vw, 516px\" \/><\/a><\/p>\n","protected":false},"excerpt":{"rendered":"<p>Se encuentra abierta la Convocatoria de Proyectos de Vinculaci\u00f3n Tecnol\u00f3gica &#8220;Agregando Valor 2017&#8221;. La misma est\u00e1 orientada a la generaci\u00f3n de proyectos de alto impacto con la finalidad de transferir conocimientos y tecnolog\u00edas innovadoras al sector socio-productivo nacional.<\/p>\n","protected":false},"author":6,"featured_media":0,"comment_status":"closed","ping_status":"closed","sticky":false,"template":"","format":"standard","meta":[],"categories":[5],"tags":[],"_links":{"self":[{"href":"https:\/\/www.facet.unt.edu.ar\/facetinforma\/wp-json\/wp\/v2\/posts\/13356"}],"collection":[{"href":"https:\/\/www.facet.unt.edu.ar\/facetinforma\/wp-json\/wp\/v2\/posts"}],"about":[{"href":"https:\/\/www.facet.unt.edu.ar\/facetinforma\/wp-json\/wp\/v2\/types\/post"}],"author":[{"embeddable":true,"href":"https:\/\/www.facet.unt.edu.ar\/facetinforma\/wp-json\/wp\/v2\/users\/6"}],"replies":[{"embeddable":true,"href":"https:\/\/www.facet.unt.edu.ar\/facetinforma\/wp-json\/wp\/v2\/comments?post=13356"}],"version-history":[{"count":4,"href":"https:\/\/www.facet.unt.edu.ar\/facetinforma\/wp-json\/wp\/v2\/posts\/13356\/revisions"}],"predecessor-version":[{"id":13361,"href":"https:\/\/www.facet.unt.edu.ar\/facetinforma\/wp-json\/wp\/v2\/posts\/13356\/revisions\/13361"}],"wp:attachment":[{"href":"https:\/\/www.facet.unt.edu.ar\/facetinforma\/wp-json\/wp\/v2\/media?parent=13356"}],"wp:term":[{"taxonomy":"category","embeddable":true,"href":"https:\/\/www.facet.unt.edu.ar\/facetinforma\/wp-json\/wp\/v2\/categories?post=13356"},{"taxonomy":"post_tag","embeddable":true,"href":"https:\/\/www.facet.unt.edu.ar\/facetinforma\/wp-json\/wp\/v2\/tags?post=13356"}],"curies":[{"name":"wp","href":"https:\/\/api.w.org\/{rel}","templated":true}]}}