{"id":13401,"date":"2017-09-19T13:55:26","date_gmt":"2017-09-19T16:55:26","guid":{"rendered":"https:\/\/www.facet.unt.edu.ar\/facetinforma\/?p=13401"},"modified":"2017-09-19T13:55:46","modified_gmt":"2017-09-19T16:55:46","slug":"curso-de-posgrado-surgimiento-y-desarrollo-del-complejo-de-cyt-en-la-argentina","status":"publish","type":"post","link":"https:\/\/www.facet.unt.edu.ar\/facetinforma\/2017\/09\/19\/curso-de-posgrado-surgimiento-y-desarrollo-del-complejo-de-cyt-en-la-argentina\/","title":{"rendered":"Curso de Posgrado: &#8220;Surgimiento y desarrollo del complejo de CyT en la Argentina&#8221;"},"content":{"rendered":"<p>Entre el 26 de Septiembre y el 2 de Octubre tendr\u00e1 lugar el curso \u201c<strong>Surgimiento y desarrollo del complejo de ciencia y tecnolog\u00eda en la Argentina\u201d<\/strong><em>,<\/em>\u00a0a cargo del doctor<strong>\u00a0Diego Hurtado<\/strong>. Est\u00e1 organizado por la Sidetec, en conjunto con la Secretar\u00eda de Posgrado de la UNT. Las clases se desarrollar\u00e1n en la Sede de la Sidetec, sita en calle Las Piedras N\u00ba 881.\u00a0 <!--more--><\/p>\n<p><u>Duraci\u00f3n<\/u>: 50 hs te\u00f3rico-pr\u00e1cticas con evaluaci\u00f3n final.<\/p>\n<p><u>Costo de la inscripci\u00f3n<\/u>: $500.<\/p>\n<p><strong>Diego Hurtado<\/strong> es doctor en F\u00edsica por la Universidad de Buenos Aires; profesor titular de Historia de la Ciencia y director del Centro de Estudios de Historia de la Ciencia y la T\u00e9cnica Jos\u00e9 Babini en la Universidad Nacional de San Mart\u00edn; profesor de posgrado en las universidades nacionales de R\u00edo Negro y de C\u00f3rdoba y en el Instituto del Servicio Exterior de la Naci\u00f3n. Fue secretario de Investigaci\u00f3n de la UNSAM y desde 2009 es secretario de Innovaci\u00f3n y Transferencia de Tecnolog\u00eda en esta misma universidad.<\/p>\n<p>Los interesados pueden inscribirse hasta el <strong>25 de Septiembre<\/strong> en la\u00a0<a href=\"http:\/\/sidetec.tucuman.gob.ar\/sin-categoria\/curso-de-posgrado-surgimiento-y-desarrollo-del-complejo-de-ciencia-y-tecnologia-en-la-argentina\/\" target=\"_blank\" rel=\"noopener\">p\u00e1gina web<\/a>\u00a0de la Secretar\u00eda.<\/p>\n<p><a href=\"https:\/\/www.facet.unt.edu.ar\/facetinforma\/wp-content\/uploads\/sites\/9\/2017\/09\/Hurtado-694x1024.jpg\"><img decoding=\"async\" loading=\"lazy\" class=\"aligncenter wp-image-13402\" src=\"https:\/\/www.facet.unt.edu.ar\/facetinforma\/wp-content\/uploads\/sites\/9\/2017\/09\/Hurtado-694x1024-694x1024.jpg\" alt=\"\" width=\"438\" height=\"646\" srcset=\"https:\/\/www.facet.unt.edu.ar\/facetinforma\/wp-content\/uploads\/sites\/9\/2017\/09\/Hurtado-694x1024.jpg 694w, https:\/\/www.facet.unt.edu.ar\/facetinforma\/wp-content\/uploads\/sites\/9\/2017\/09\/Hurtado-694x1024-203x300.jpg 203w\" sizes=\"(max-width: 438px) 100vw, 438px\" \/><\/a><\/p>\n","protected":false},"excerpt":{"rendered":"<p>Entre el 26 de Septiembre y el 2 de Octubre tendr\u00e1 lugar el curso \u201cSurgimiento y desarrollo del complejo de ciencia y tecnolog\u00eda en la Argentina\u201d,\u00a0a cargo del doctor\u00a0Diego Hurtado. Est\u00e1 organizado por la Sidetec, en conjunto con la Secretar\u00eda de Posgrado de la UNT. Las clases se desarrollar\u00e1n en la Sede de la Sidetec, [&hellip;]<\/p>\n","protected":false},"author":6,"featured_media":0,"comment_status":"closed","ping_status":"closed","sticky":false,"template":"","format":"standard","meta":[],"categories":[5,4],"tags":[],"_links":{"self":[{"href":"https:\/\/www.facet.unt.edu.ar\/facetinforma\/wp-json\/wp\/v2\/posts\/13401"}],"collection":[{"href":"https:\/\/www.facet.unt.edu.ar\/facetinforma\/wp-json\/wp\/v2\/posts"}],"about":[{"href":"https:\/\/www.facet.unt.edu.ar\/facetinforma\/wp-json\/wp\/v2\/types\/post"}],"author":[{"embeddable":true,"href":"https:\/\/www.facet.unt.edu.ar\/facetinforma\/wp-json\/wp\/v2\/users\/6"}],"replies":[{"embeddable":true,"href":"https:\/\/www.facet.unt.edu.ar\/facetinforma\/wp-json\/wp\/v2\/comments?post=13401"}],"version-history":[{"count":2,"href":"https:\/\/www.facet.unt.edu.ar\/facetinforma\/wp-json\/wp\/v2\/posts\/13401\/revisions"}],"predecessor-version":[{"id":13404,"href":"https:\/\/www.facet.unt.edu.ar\/facetinforma\/wp-json\/wp\/v2\/posts\/13401\/revisions\/13404"}],"wp:attachment":[{"href":"https:\/\/www.facet.unt.edu.ar\/facetinforma\/wp-json\/wp\/v2\/media?parent=13401"}],"wp:term":[{"taxonomy":"category","embeddable":true,"href":"https:\/\/www.facet.unt.edu.ar\/facetinforma\/wp-json\/wp\/v2\/categories?post=13401"},{"taxonomy":"post_tag","embeddable":true,"href":"https:\/\/www.facet.unt.edu.ar\/facetinforma\/wp-json\/wp\/v2\/tags?post=13401"}],"curies":[{"name":"wp","href":"https:\/\/api.w.org\/{rel}","templated":true}]}}