{"id":13568,"date":"2017-10-06T12:35:09","date_gmt":"2017-10-06T15:35:09","guid":{"rendered":"https:\/\/www.facet.unt.edu.ar\/facetinforma\/?p=13568"},"modified":"2017-10-06T12:35:09","modified_gmt":"2017-10-06T15:35:09","slug":"charla-sobre-la-superconductividad-a-temperatura-ambiente-en-las-interfaces-de-grafito","status":"publish","type":"post","link":"https:\/\/www.facet.unt.edu.ar\/facetinforma\/2017\/10\/06\/charla-sobre-la-superconductividad-a-temperatura-ambiente-en-las-interfaces-de-grafito\/","title":{"rendered":"Charla \u201cSobre la superconductividad a temperatura ambiente en las interfaces de grafito\u201d"},"content":{"rendered":"<p>La Facultad de Ciencias Exactas y Tecnolog\u00eda invita a docentes,\u00a0 investigadores y estudiantes a la Charla\u00a0<strong>\u201cSobre la superconductividad a temperatura ambiente en las interfaces de grafito\u201d<\/strong>, que dar\u00e1 el\u00a0<strong>Dr. Pablo Esquinazi<\/strong>\u00a0el d\u00eda <strong>mi\u00e9rcoles 11 de octubre <\/strong>a las<strong> 10.30 hs<\/strong>\u00a0en el Aula de Audiovisuales de la FACET. Esta charla cuenta con el auspicio de la Asociaci\u00f3n F\u00edsica Argentina Filial Tucum\u00e1n\u00a0 y del Instituto de F\u00edsica del NOA, CONICET-UNT.\u00a0<!--more--><\/p>\n<p>El Dr. Pablo Esquinazi realiz\u00f3 su Licenciatura y Doctorado en F\u00edsica en el Instituto Balseiro y est\u00e1 radicado en Alemania desde hace m\u00e1s de 23 a\u00f1os. Es el Director de la Divisi\u00f3n de Superconductividad y Magnetismo del Instituto Felix-Bloch de la Universidad de Leipzig. Desde 1980 ha publicado m\u00e1s de 380 art\u00edculos en revistas internacionales con referato, teniendo en la actualidad m\u00e1s de 9000 citas.<\/p>\n<p>El Dr. Esquinazi\u00a0 realiza una estad\u00eda\u00a0 financiada por el MINCyT\u00a0 a trav\u00e9s de una\u00a0 Beca Milstein\u00a0 en colaboraci\u00f3n con la FACET-UNT y\u00a0el Instituto de F\u00edsica de la UNLP.<\/p>\n<p>Se adjunta archivo resumen de la charla:\u00a0<a href=\"https:\/\/www.facet.unt.edu.ar\/facetinforma\/wp-content\/uploads\/sites\/9\/2017\/10\/Charla-Resumen.pdf\" target=\"_blank\" rel=\"noopener\">Resumen.pdf<\/a><\/p>\n","protected":false},"excerpt":{"rendered":"<p>La Facultad de Ciencias Exactas y Tecnolog\u00eda invita a docentes,\u00a0 investigadores y estudiantes a la Charla\u00a0\u201cSobre la superconductividad a temperatura ambiente en las interfaces de grafito\u201d, que dar\u00e1 el\u00a0Dr. Pablo Esquinazi\u00a0el d\u00eda mi\u00e9rcoles 11 de octubre a las 10.30 hs\u00a0en el Aula de Audiovisuales de la FACET. Esta charla cuenta con el auspicio de la [&hellip;]<\/p>\n","protected":false},"author":6,"featured_media":0,"comment_status":"closed","ping_status":"closed","sticky":false,"template":"","format":"standard","meta":[],"categories":[5],"tags":[],"_links":{"self":[{"href":"https:\/\/www.facet.unt.edu.ar\/facetinforma\/wp-json\/wp\/v2\/posts\/13568"}],"collection":[{"href":"https:\/\/www.facet.unt.edu.ar\/facetinforma\/wp-json\/wp\/v2\/posts"}],"about":[{"href":"https:\/\/www.facet.unt.edu.ar\/facetinforma\/wp-json\/wp\/v2\/types\/post"}],"author":[{"embeddable":true,"href":"https:\/\/www.facet.unt.edu.ar\/facetinforma\/wp-json\/wp\/v2\/users\/6"}],"replies":[{"embeddable":true,"href":"https:\/\/www.facet.unt.edu.ar\/facetinforma\/wp-json\/wp\/v2\/comments?post=13568"}],"version-history":[{"count":1,"href":"https:\/\/www.facet.unt.edu.ar\/facetinforma\/wp-json\/wp\/v2\/posts\/13568\/revisions"}],"predecessor-version":[{"id":13570,"href":"https:\/\/www.facet.unt.edu.ar\/facetinforma\/wp-json\/wp\/v2\/posts\/13568\/revisions\/13570"}],"wp:attachment":[{"href":"https:\/\/www.facet.unt.edu.ar\/facetinforma\/wp-json\/wp\/v2\/media?parent=13568"}],"wp:term":[{"taxonomy":"category","embeddable":true,"href":"https:\/\/www.facet.unt.edu.ar\/facetinforma\/wp-json\/wp\/v2\/categories?post=13568"},{"taxonomy":"post_tag","embeddable":true,"href":"https:\/\/www.facet.unt.edu.ar\/facetinforma\/wp-json\/wp\/v2\/tags?post=13568"}],"curies":[{"name":"wp","href":"https:\/\/api.w.org\/{rel}","templated":true}]}}