{"id":13854,"date":"2017-11-24T19:01:54","date_gmt":"2017-11-24T22:01:54","guid":{"rendered":"https:\/\/www.facet.unt.edu.ar\/facetinforma\/?p=13854"},"modified":"2017-11-24T19:03:40","modified_gmt":"2017-11-24T22:03:40","slug":"taller-capacitacion-uso-y-manejo-de-extintores","status":"publish","type":"post","link":"https:\/\/www.facet.unt.edu.ar\/facetinforma\/2017\/11\/24\/taller-capacitacion-uso-y-manejo-de-extintores\/","title":{"rendered":"Taller \u201cCapacitaci\u00f3n Uso y Manejo de Extintores\u201d"},"content":{"rendered":"<p>El Centro de Estudiantes, en conjunto con la FACET, invitan a participar del taller te\u00f3rico-pr\u00e1ctico &#8220;Capacitaci\u00f3n uso y manejo de extintores&#8221;, que se llevar\u00e1 a cabo el d\u00eda mi\u00e9rcoles 29 del corriente mes, a las 9:30 hs, en la Sala de Audiovisuales, ubicada en el primer piso del Block 3 (parte te\u00f3rica). Luego se realizar\u00e1 la parte pr\u00e1ctica en el Taller de Mec\u00e1nica. <!--more--><\/p>\n<p>Inscripciones en el siguiente link: <a href=\"https:\/\/l.facebook.com\/l.php?u=https%3A%2F%2Fgoo.gl%2Fforms%2FAwcW0dsJ542ewECH2&amp;h=ATM7hHVMOCK7Y-0trkfyClFsUFY6mQvsIteFNf62K1idcI7wBASwO4k9OOACbZV9gCQ1zKhgDUy5LDnUKE5pe9RrQc3X7R9uwfTcByPibFJN8BPPwSdDWCZzquGUBcPEjfuGcyneOw\" target=\"_blank\" rel=\"noopener\">https:\/\/goo.gl\/forms\/AwcW0dsJ542ewECH2<\/a><\/p>\n<p>Cupos limitados.<\/p>\n<p>Para m\u00e1s informaci\u00f3n comunicarse con Mat\u00edas M\u00e1rquez al 381-6298717.<\/p>\n<p>Para entrega de Certificado por Asistencia abonar $50 en el C.U.E.C.E.T.<\/p>\n<p><a href=\"https:\/\/www.facet.unt.edu.ar\/facetinforma\/wp-content\/uploads\/sites\/9\/2017\/11\/IMG-20171119-WA0099.jpg\"><img decoding=\"async\" loading=\"lazy\" class=\"aligncenter wp-image-13855\" src=\"https:\/\/www.facet.unt.edu.ar\/facetinforma\/wp-content\/uploads\/sites\/9\/2017\/11\/IMG-20171119-WA0099.jpg\" alt=\"\" width=\"648\" height=\"648\" srcset=\"https:\/\/www.facet.unt.edu.ar\/facetinforma\/wp-content\/uploads\/sites\/9\/2017\/11\/IMG-20171119-WA0099.jpg 960w, https:\/\/www.facet.unt.edu.ar\/facetinforma\/wp-content\/uploads\/sites\/9\/2017\/11\/IMG-20171119-WA0099-150x150.jpg 150w, https:\/\/www.facet.unt.edu.ar\/facetinforma\/wp-content\/uploads\/sites\/9\/2017\/11\/IMG-20171119-WA0099-300x300.jpg 300w, https:\/\/www.facet.unt.edu.ar\/facetinforma\/wp-content\/uploads\/sites\/9\/2017\/11\/IMG-20171119-WA0099-768x768.jpg 768w\" sizes=\"(max-width: 648px) 100vw, 648px\" \/><\/a><\/p>\n","protected":false},"excerpt":{"rendered":"<p>El Centro de Estudiantes, en conjunto con la FACET, invitan a participar del taller te\u00f3rico-pr\u00e1ctico &#8220;Capacitaci\u00f3n uso y manejo de extintores&#8221;, que se llevar\u00e1 a cabo el d\u00eda mi\u00e9rcoles 29 del corriente mes, a las 9:30 hs, en la Sala de Audiovisuales, ubicada en el primer piso del Block 3 (parte te\u00f3rica). Luego se realizar\u00e1 [&hellip;]<\/p>\n","protected":false},"author":6,"featured_media":0,"comment_status":"closed","ping_status":"closed","sticky":false,"template":"","format":"standard","meta":[],"categories":[5],"tags":[],"_links":{"self":[{"href":"https:\/\/www.facet.unt.edu.ar\/facetinforma\/wp-json\/wp\/v2\/posts\/13854"}],"collection":[{"href":"https:\/\/www.facet.unt.edu.ar\/facetinforma\/wp-json\/wp\/v2\/posts"}],"about":[{"href":"https:\/\/www.facet.unt.edu.ar\/facetinforma\/wp-json\/wp\/v2\/types\/post"}],"author":[{"embeddable":true,"href":"https:\/\/www.facet.unt.edu.ar\/facetinforma\/wp-json\/wp\/v2\/users\/6"}],"replies":[{"embeddable":true,"href":"https:\/\/www.facet.unt.edu.ar\/facetinforma\/wp-json\/wp\/v2\/comments?post=13854"}],"version-history":[{"count":2,"href":"https:\/\/www.facet.unt.edu.ar\/facetinforma\/wp-json\/wp\/v2\/posts\/13854\/revisions"}],"predecessor-version":[{"id":13857,"href":"https:\/\/www.facet.unt.edu.ar\/facetinforma\/wp-json\/wp\/v2\/posts\/13854\/revisions\/13857"}],"wp:attachment":[{"href":"https:\/\/www.facet.unt.edu.ar\/facetinforma\/wp-json\/wp\/v2\/media?parent=13854"}],"wp:term":[{"taxonomy":"category","embeddable":true,"href":"https:\/\/www.facet.unt.edu.ar\/facetinforma\/wp-json\/wp\/v2\/categories?post=13854"},{"taxonomy":"post_tag","embeddable":true,"href":"https:\/\/www.facet.unt.edu.ar\/facetinforma\/wp-json\/wp\/v2\/tags?post=13854"}],"curies":[{"name":"wp","href":"https:\/\/api.w.org\/{rel}","templated":true}]}}