{"id":13902,"date":"2017-12-05T18:30:01","date_gmt":"2017-12-05T21:30:01","guid":{"rendered":"https:\/\/www.facet.unt.edu.ar\/facetinforma\/?p=13902"},"modified":"2017-12-05T18:39:46","modified_gmt":"2017-12-05T21:39:46","slug":"curso-de-posgrado-conducciones-y-redes-de-agua","status":"publish","type":"post","link":"https:\/\/www.facet.unt.edu.ar\/facetinforma\/2017\/12\/05\/curso-de-posgrado-conducciones-y-redes-de-agua\/","title":{"rendered":"Curso de Posgrado \u201cConducciones y Redes de Agua\u201d"},"content":{"rendered":"<p>El curso de posgrado \u201cConducciones y Redes de Agua\u201d dar\u00e1 inicio ma\u00f1ana 6 de Diciembre, a cargo de los ingenieros <strong>Atilio Ar\u00e9valo<\/strong> y<strong> Viviana Garc\u00eda Cot\u00e9. <\/strong>El mismo se llevar\u00e1 a cabo en el Laboratorio de Construcciones Hidr\u00e1ulicas de la FACET. <!--more--><\/p>\n<p>Este curso de posgrado integra la Curr\u00edcula de la Carrera de Especializaci\u00f3n en Tecnolog\u00edas y Gesti\u00f3n de los Recursos H\u00eddricos, aprobada por Resoluci\u00f3n N\u00b0582 del Honorable Consejo Superior de la UNT<strong>.<\/strong><\/p>\n<p><u>Aranceles y pagos<\/u>:<br \/>\nAsociaci\u00f3n Cooperadora FACET \u2013 UNT<br \/>\nMatr\u00edcula Inscripci\u00f3n: $ 2000.-<br \/>\nDocentes FACET sin cargo<\/p>\n<p>Mayores informes en el siguiente tr\u00edptico: &#8211; <a href=\"https:\/\/www.facet.unt.edu.ar\/facetinforma\/wp-content\/uploads\/sites\/9\/2017\/12\/Curso-de-Posgrado-Conducciones-y-Redes-de-Agua.pdf\" target=\"_blank\" rel=\"noopener\">Tr\u00edptico.pdf<\/a><\/p>\n<p><a href=\"https:\/\/www.facet.unt.edu.ar\/facetinforma\/wp-content\/uploads\/sites\/9\/2017\/12\/curso-de-posgrado.jpg\"><img decoding=\"async\" loading=\"lazy\" class=\"aligncenter wp-image-13904\" src=\"https:\/\/www.facet.unt.edu.ar\/facetinforma\/wp-content\/uploads\/sites\/9\/2017\/12\/curso-de-posgrado-786x1024.jpg\" alt=\"\" width=\"591\" height=\"770\" srcset=\"https:\/\/www.facet.unt.edu.ar\/facetinforma\/wp-content\/uploads\/sites\/9\/2017\/12\/curso-de-posgrado-786x1024.jpg 786w, https:\/\/www.facet.unt.edu.ar\/facetinforma\/wp-content\/uploads\/sites\/9\/2017\/12\/curso-de-posgrado-230x300.jpg 230w, https:\/\/www.facet.unt.edu.ar\/facetinforma\/wp-content\/uploads\/sites\/9\/2017\/12\/curso-de-posgrado-768x1001.jpg 768w, https:\/\/www.facet.unt.edu.ar\/facetinforma\/wp-content\/uploads\/sites\/9\/2017\/12\/curso-de-posgrado.jpg 960w\" sizes=\"(max-width: 591px) 100vw, 591px\" \/><\/a><\/p>\n","protected":false},"excerpt":{"rendered":"<p>El curso de posgrado \u201cConducciones y Redes de Agua\u201d dar\u00e1 inicio ma\u00f1ana 6 de Diciembre, a cargo de los ingenieros Atilio Ar\u00e9valo y Viviana Garc\u00eda Cot\u00e9. El mismo se llevar\u00e1 a cabo en el Laboratorio de Construcciones Hidr\u00e1ulicas de la FACET.<\/p>\n","protected":false},"author":6,"featured_media":0,"comment_status":"closed","ping_status":"closed","sticky":false,"template":"","format":"standard","meta":[],"categories":[5,4],"tags":[],"_links":{"self":[{"href":"https:\/\/www.facet.unt.edu.ar\/facetinforma\/wp-json\/wp\/v2\/posts\/13902"}],"collection":[{"href":"https:\/\/www.facet.unt.edu.ar\/facetinforma\/wp-json\/wp\/v2\/posts"}],"about":[{"href":"https:\/\/www.facet.unt.edu.ar\/facetinforma\/wp-json\/wp\/v2\/types\/post"}],"author":[{"embeddable":true,"href":"https:\/\/www.facet.unt.edu.ar\/facetinforma\/wp-json\/wp\/v2\/users\/6"}],"replies":[{"embeddable":true,"href":"https:\/\/www.facet.unt.edu.ar\/facetinforma\/wp-json\/wp\/v2\/comments?post=13902"}],"version-history":[{"count":3,"href":"https:\/\/www.facet.unt.edu.ar\/facetinforma\/wp-json\/wp\/v2\/posts\/13902\/revisions"}],"predecessor-version":[{"id":13907,"href":"https:\/\/www.facet.unt.edu.ar\/facetinforma\/wp-json\/wp\/v2\/posts\/13902\/revisions\/13907"}],"wp:attachment":[{"href":"https:\/\/www.facet.unt.edu.ar\/facetinforma\/wp-json\/wp\/v2\/media?parent=13902"}],"wp:term":[{"taxonomy":"category","embeddable":true,"href":"https:\/\/www.facet.unt.edu.ar\/facetinforma\/wp-json\/wp\/v2\/categories?post=13902"},{"taxonomy":"post_tag","embeddable":true,"href":"https:\/\/www.facet.unt.edu.ar\/facetinforma\/wp-json\/wp\/v2\/tags?post=13902"}],"curies":[{"name":"wp","href":"https:\/\/api.w.org\/{rel}","templated":true}]}}