{"id":13947,"date":"2017-12-11T13:27:25","date_gmt":"2017-12-11T16:27:25","guid":{"rendered":"https:\/\/www.facet.unt.edu.ar\/facetinforma\/?p=13947"},"modified":"2017-12-11T13:36:38","modified_gmt":"2017-12-11T16:36:38","slug":"fin-de-ciclo-2017-del-jardin-maternal-el-ladrillito","status":"publish","type":"post","link":"https:\/\/www.facet.unt.edu.ar\/facetinforma\/2017\/12\/11\/fin-de-ciclo-2017-del-jardin-maternal-el-ladrillito\/","title":{"rendered":"Fin de ciclo 2017 del Jard\u00edn Maternal \u201cEl Ladrillito\u201d"},"content":{"rendered":"<p>Hoy, lunes 11 de diciembre, en horas de la ma\u00f1ana, en las instalaciones de la facultad, se realiz\u00f3 la fiesta de fin de ciclo del Jard\u00edn Maternal \u201cEl Ladrillito\u201d. <!--more--><\/p>\n<p>La misma estuvo a cargo de la Srta. Mercedes Ramos, encargada del mismo y sus colaboradoras.<\/p>\n<p>Estuvieron presentes, autoridades de la FACET, padres, familiares y amigos de los ni\u00f1os que concurrieron durante este a\u00f1o al jard\u00edn.<\/p>\n<p>En el discurso de despedida, la Se\u00f1orita \u00a0Bettina Ramos expres\u00f3 su agradecimiento a las autoridades de la unidad acad\u00e9mica y a los padres que los acompa\u00f1aron durante el a\u00f1o.<\/p>\n<p>Con un pintoresco y c\u00e1lido acto, se cierra as\u00ed otro a\u00f1o de trabajo responsable de la FACET para con la comunidad de la misma.<\/p>\n<p><a href=\"https:\/\/www.facet.unt.edu.ar\/facetinforma\/wp-content\/uploads\/sites\/9\/2017\/12\/20171211_093838.jpg\"><img decoding=\"async\" loading=\"lazy\" class=\"aligncenter wp-image-13949\" src=\"https:\/\/www.facet.unt.edu.ar\/facetinforma\/wp-content\/uploads\/sites\/9\/2017\/12\/20171211_093838-1024x576.jpg\" alt=\"\" width=\"463\" height=\"261\" srcset=\"https:\/\/www.facet.unt.edu.ar\/facetinforma\/wp-content\/uploads\/sites\/9\/2017\/12\/20171211_093838-1024x576.jpg 1024w, https:\/\/www.facet.unt.edu.ar\/facetinforma\/wp-content\/uploads\/sites\/9\/2017\/12\/20171211_093838-300x169.jpg 300w, https:\/\/www.facet.unt.edu.ar\/facetinforma\/wp-content\/uploads\/sites\/9\/2017\/12\/20171211_093838-768x432.jpg 768w\" sizes=\"(max-width: 463px) 100vw, 463px\" \/><\/a><\/p>\n<p><a href=\"https:\/\/www.facet.unt.edu.ar\/facetinforma\/wp-content\/uploads\/sites\/9\/2017\/12\/20171211_093913.jpg\"><img decoding=\"async\" loading=\"lazy\" class=\"aligncenter wp-image-13950\" src=\"https:\/\/www.facet.unt.edu.ar\/facetinforma\/wp-content\/uploads\/sites\/9\/2017\/12\/20171211_093913-1024x576.jpg\" alt=\"\" width=\"461\" height=\"259\" srcset=\"https:\/\/www.facet.unt.edu.ar\/facetinforma\/wp-content\/uploads\/sites\/9\/2017\/12\/20171211_093913-1024x576.jpg 1024w, https:\/\/www.facet.unt.edu.ar\/facetinforma\/wp-content\/uploads\/sites\/9\/2017\/12\/20171211_093913-300x169.jpg 300w, https:\/\/www.facet.unt.edu.ar\/facetinforma\/wp-content\/uploads\/sites\/9\/2017\/12\/20171211_093913-768x432.jpg 768w\" sizes=\"(max-width: 461px) 100vw, 461px\" \/><\/a><\/p>\n","protected":false},"excerpt":{"rendered":"<p>Hoy, lunes 11 de diciembre, en horas de la ma\u00f1ana, en las instalaciones de la facultad, se realiz\u00f3 la fiesta de fin de ciclo del Jard\u00edn Maternal \u201cEl Ladrillito\u201d.<\/p>\n","protected":false},"author":6,"featured_media":0,"comment_status":"closed","ping_status":"closed","sticky":false,"template":"","format":"standard","meta":[],"categories":[5],"tags":[],"_links":{"self":[{"href":"https:\/\/www.facet.unt.edu.ar\/facetinforma\/wp-json\/wp\/v2\/posts\/13947"}],"collection":[{"href":"https:\/\/www.facet.unt.edu.ar\/facetinforma\/wp-json\/wp\/v2\/posts"}],"about":[{"href":"https:\/\/www.facet.unt.edu.ar\/facetinforma\/wp-json\/wp\/v2\/types\/post"}],"author":[{"embeddable":true,"href":"https:\/\/www.facet.unt.edu.ar\/facetinforma\/wp-json\/wp\/v2\/users\/6"}],"replies":[{"embeddable":true,"href":"https:\/\/www.facet.unt.edu.ar\/facetinforma\/wp-json\/wp\/v2\/comments?post=13947"}],"version-history":[{"count":4,"href":"https:\/\/www.facet.unt.edu.ar\/facetinforma\/wp-json\/wp\/v2\/posts\/13947\/revisions"}],"predecessor-version":[{"id":13953,"href":"https:\/\/www.facet.unt.edu.ar\/facetinforma\/wp-json\/wp\/v2\/posts\/13947\/revisions\/13953"}],"wp:attachment":[{"href":"https:\/\/www.facet.unt.edu.ar\/facetinforma\/wp-json\/wp\/v2\/media?parent=13947"}],"wp:term":[{"taxonomy":"category","embeddable":true,"href":"https:\/\/www.facet.unt.edu.ar\/facetinforma\/wp-json\/wp\/v2\/categories?post=13947"},{"taxonomy":"post_tag","embeddable":true,"href":"https:\/\/www.facet.unt.edu.ar\/facetinforma\/wp-json\/wp\/v2\/tags?post=13947"}],"curies":[{"name":"wp","href":"https:\/\/api.w.org\/{rel}","templated":true}]}}