{"id":14014,"date":"2017-12-28T13:55:42","date_gmt":"2017-12-28T16:55:42","guid":{"rendered":"https:\/\/www.facet.unt.edu.ar\/facetinforma\/?p=14014"},"modified":"2017-12-28T14:02:23","modified_gmt":"2017-12-28T17:02:23","slug":"avances-ineditos-en-la-investigacion-sobre-alta-atmosfera-terrestre","status":"publish","type":"post","link":"https:\/\/www.facet.unt.edu.ar\/facetinforma\/2017\/12\/28\/avances-ineditos-en-la-investigacion-sobre-alta-atmosfera-terrestre\/","title":{"rendered":"Avances in\u00e9ditos en la investigaci\u00f3n sobre alta atm\u00f3sfera terrestre"},"content":{"rendered":"<p>Durante los \u00faltimos d\u00edas del mes de diciembre del corriente a\u00f1o, docentes e investigadores del Laboratorio de Telecomunicaciones (LTC) de la Facultad de Ciencias Exactas y Tecnolog\u00eda de la UNT lograron detectar se\u00f1ales de eco desde la ionosfera terrestre, obtenidas mediante el prototipo de Sondador Digital, desarrollado en dicho Laboratorio. Este hecho es in\u00e9dito para la investigaci\u00f3n en Argentina sobre alta atm\u00f3sfera terrestre aplicada a telecomunicaciones.\u00a0 <!--more--><\/p>\n<p><a href=\"https:\/\/www.facet.unt.edu.ar\/facetinforma\/wp-content\/uploads\/sites\/9\/2017\/12\/1.jpg\"><img decoding=\"async\" loading=\"lazy\" class=\"aligncenter wp-image-14018\" src=\"https:\/\/www.facet.unt.edu.ar\/facetinforma\/wp-content\/uploads\/sites\/9\/2017\/12\/1-1024x576.jpg\" alt=\"\" width=\"478\" height=\"269\" srcset=\"https:\/\/www.facet.unt.edu.ar\/facetinforma\/wp-content\/uploads\/sites\/9\/2017\/12\/1-1024x576.jpg 1024w, https:\/\/www.facet.unt.edu.ar\/facetinforma\/wp-content\/uploads\/sites\/9\/2017\/12\/1-300x169.jpg 300w, https:\/\/www.facet.unt.edu.ar\/facetinforma\/wp-content\/uploads\/sites\/9\/2017\/12\/1-768x432.jpg 768w, https:\/\/www.facet.unt.edu.ar\/facetinforma\/wp-content\/uploads\/sites\/9\/2017\/12\/1.jpg 1541w\" sizes=\"(max-width: 478px) 100vw, 478px\" \/><\/a><\/p>\n<p>Las comunicaciones de larga distancia ya no se realizan mediante ondas de radio que se reflejan en la ion\u00f3sfera (parte de la atm\u00f3sfera de la tierra que est\u00e1 comprendida entre los 90 y los 2000km de altura, en esta porci\u00f3n de la atm\u00f3sfera se absorben las letales radiaciones provenientes del sol y del espacio). Con el inicio de las comunicaciones v\u00eda sat\u00e9lite, all\u00e1 por los a\u00f1os 60, hizo suponer que investigar sobre el comportamiento de la ion\u00f3sfera ya no era necesario. Sin embargo, tiempo despu\u00e9s se descubri\u00f3 que esta porci\u00f3n de la atm\u00f3sfera terrestre interfiere y desv\u00eda las ondas de radio que la atraviesan, as\u00ed las se\u00f1ales de los sat\u00e9lites de comunicaciones se ven afectadas por este medio. En los \u00faltimos veinte a\u00f1os su estudio se volvi\u00f3 fundamental para aportar conocimiento sobre interferencias detectadas en las se\u00f1ales de sat\u00e9lites de comunicaciones y georreferenciaci\u00f3n mediante los sat\u00e9lites GPS. El estudio de la ion\u00f3sfera en nuestros d\u00edas avanza a\u00fan m\u00e1s, grupos de investigaci\u00f3n de la UNT y el extranjero, ya observan en su comportamiento evidencias del cambio clim\u00e1tico, cambios en el campo magn\u00e9tico terrestre y ocurrencias de sismos al detectar variaciones como precursores en su altura y composici\u00f3n. Permite afianzar el dise\u00f1o de radares para larga distancia para protecci\u00f3n de territorio y litoral mar\u00edtimo, contribuir a compensar errores en sistemas de posicionamiento mediante el uso de sat\u00e9lites, tales como la constelaci\u00f3n GPS, los que se aplican por ejemplo a navegaci\u00f3n mar\u00edtima y a\u00e9rea, guiado de veh\u00edculos terrestres, telecomunicaciones y otros sistemas que utilizan se\u00f1ales que se propagan por esta parte de la atm\u00f3sfera de la tierra.<\/p>\n<p>El primer experimento fue realizado por el LTC el 5 de Diciembre para tres frecuencias a fin de analizar la estabilidad de la cadena de recepci\u00f3n, sistema de control y proceso de se\u00f1ales. Las frecuencias seleccionadas fueron de 6, 7 y 8 MHZ con 60Hz de frecuencia de repetici\u00f3n de pulsos modulados en fase binaria. Las im\u00e1genes mostraron ecos\u00a0 provenientes desde 350 hasta 400km de altitud, aproximadamente. Esta prueba permite afianzar el concepto de dise\u00f1o y avanzar en el desarrollo de un equipo totalmente operativo a frecuencia variable para lograr un perfil completo de altura virtual.<\/p>\n<p>Al 21 del corriente mes se lograron tres registros completos del Radar donde puede verse el perfil de alturas virtuales de la atm\u00f3sfera ionizada de la tierra a esa hora. Lo que se observa en esta oportunidad es la traza de eco de una se\u00f1al de radio transmitida con el sistema y reflejada en los estratos ionosf\u00e9ricos entre los 100 y los 700 km de altura.<\/p>\n<p>Ahora el Laboratorio de Telecomunicaciones se encuentra abocado a realizar montajes, ajustes de detector, y otros detalles para mejorar las im\u00e1genes.<\/p>\n<p><a href=\"https:\/\/www.facet.unt.edu.ar\/facetinforma\/wp-content\/uploads\/sites\/9\/2017\/12\/2.jpg\"><img decoding=\"async\" loading=\"lazy\" class=\"aligncenter wp-image-14016\" src=\"https:\/\/www.facet.unt.edu.ar\/facetinforma\/wp-content\/uploads\/sites\/9\/2017\/12\/2-1024x576.jpg\" alt=\"\" width=\"455\" height=\"256\" srcset=\"https:\/\/www.facet.unt.edu.ar\/facetinforma\/wp-content\/uploads\/sites\/9\/2017\/12\/2-1024x576.jpg 1024w, https:\/\/www.facet.unt.edu.ar\/facetinforma\/wp-content\/uploads\/sites\/9\/2017\/12\/2-300x169.jpg 300w, https:\/\/www.facet.unt.edu.ar\/facetinforma\/wp-content\/uploads\/sites\/9\/2017\/12\/2-768x432.jpg 768w, https:\/\/www.facet.unt.edu.ar\/facetinforma\/wp-content\/uploads\/sites\/9\/2017\/12\/2.jpg 1541w\" sizes=\"(max-width: 455px) 100vw, 455px\" \/><\/a><\/p>\n<p>Con equipos adquiridos en el extranjero, la Universidad Nacional de Tucum\u00e1n desde el a\u00f1o 1957 desarrolla investigaciones ionosf\u00e9ricas, las que han permitido generar la base de conocimiento, a trav\u00e9s de diversos grupos de investigaci\u00f3n en las \u00e1reas de F\u00edsica y Electr\u00f3nica. En la d\u00e9cada del 60 y 70 la UNT desarroll\u00f3, en colaboraci\u00f3n con la NASA. el programa de coheter\u00eda orientado estudios de estratos ionosf\u00e9ricos. All\u00ed surgieron grupos de trabajo en el entonces Instituto de Ingenier\u00eda El\u00e9ctrica que llega a nuestros d\u00edas con el Laboratorio de Telecomunicaciones.<\/p>\n<p>El Dr. Ing. Miguel \u00c1ngel Cabrera, Director del LTC, afirma que el secreto es el trabajo en colaboraci\u00f3n puesto que el Laboratorio de Telecomunicaciones trabaja en colaboraci\u00f3n a trav\u00e9s de proyectos de investigaci\u00f3n y desarrollo, y convenios de investigaci\u00f3n con instituciones, grupos locales, nacionales e internacionales; tales como: Ministerio de Ciencia, Tecnolog\u00eda e Innovaci\u00f3n Productiva, CONICET, Universidad de la Plata, Centro de Investigaci\u00f3n sobre Atm\u00f3sfera Superior y Radiopropagaci\u00f3n (UTN), Laboratorio de Ion\u00f3sfera (UNT), Laboratorio de Atm\u00f3sfera (UNT), Istituto Nazionale di Geof\u00edsica e Vulcanolog\u00eda (Italia), Instituto Nacional de Pesquizas Espaciais (Brasil), Instituto de Atm\u00f3sfera (Rep. Checa) y el International Centre for Theoretical Physics (Italia).<\/p>\n<p>El lema es \u201cse ense\u00f1a lo que se investiga\u201d ya que cada integrante del cuerpo docente del LTC\u00a0 desarrolla un trabajo de tesis tendiente a obtener un Doctorado en Ciencias Exactas e Ingenier\u00eda que se imparte en la FACET. La actividad de investigaci\u00f3n y desarrollo as\u00ed planteada logra generar un c\u00edrculo virtuoso que permite la obtenci\u00f3n de recursos econ\u00f3micos genuinos a trav\u00e9s de proyectos de investigaci\u00f3n e impacta en los estudiantes de ingenier\u00eda pues obtienen saberes actualizados y competencias para su futura vida profesional.<\/p>\n<p>El equipo de trabajo est\u00e1 dirigido por el Dr. Cabrera, en el equipo de dise\u00f1o lo acompa\u00f1an los Ingenieros Fernando A. Miranda Bonomi, Zen\u00f3n Saavedra, Juan E. Ise, Jose I. Cangemi, Mariano Fagre, Pablo Bedoian y la Lic. Mar\u00eda Graciela Molina. As\u00ed tambi\u00e9n, estudiantes avanzados de la carrera de Ing. Electr\u00f3nica que trabajan en el equipo de dise\u00f1o: Adri\u00e1n Llanes, Marcos Paz,\u00a0 Guido G\u00f3mez, Oscar Menocal, Daniel Villacorta, Fernando Vega.<\/p>\n<p>&nbsp;<\/p>\n","protected":false},"excerpt":{"rendered":"<p>Durante los \u00faltimos d\u00edas del mes de diciembre del corriente a\u00f1o, docentes e investigadores del Laboratorio de Telecomunicaciones (LTC) de la Facultad de Ciencias Exactas y Tecnolog\u00eda de la UNT lograron detectar se\u00f1ales de eco desde la ionosfera terrestre, obtenidas mediante el prototipo de Sondador Digital, desarrollado en dicho Laboratorio. Este hecho es in\u00e9dito para [&hellip;]<\/p>\n","protected":false},"author":6,"featured_media":0,"comment_status":"closed","ping_status":"closed","sticky":false,"template":"","format":"standard","meta":[],"categories":[5],"tags":[],"_links":{"self":[{"href":"https:\/\/www.facet.unt.edu.ar\/facetinforma\/wp-json\/wp\/v2\/posts\/14014"}],"collection":[{"href":"https:\/\/www.facet.unt.edu.ar\/facetinforma\/wp-json\/wp\/v2\/posts"}],"about":[{"href":"https:\/\/www.facet.unt.edu.ar\/facetinforma\/wp-json\/wp\/v2\/types\/post"}],"author":[{"embeddable":true,"href":"https:\/\/www.facet.unt.edu.ar\/facetinforma\/wp-json\/wp\/v2\/users\/6"}],"replies":[{"embeddable":true,"href":"https:\/\/www.facet.unt.edu.ar\/facetinforma\/wp-json\/wp\/v2\/comments?post=14014"}],"version-history":[{"count":5,"href":"https:\/\/www.facet.unt.edu.ar\/facetinforma\/wp-json\/wp\/v2\/posts\/14014\/revisions"}],"predecessor-version":[{"id":14021,"href":"https:\/\/www.facet.unt.edu.ar\/facetinforma\/wp-json\/wp\/v2\/posts\/14014\/revisions\/14021"}],"wp:attachment":[{"href":"https:\/\/www.facet.unt.edu.ar\/facetinforma\/wp-json\/wp\/v2\/media?parent=14014"}],"wp:term":[{"taxonomy":"category","embeddable":true,"href":"https:\/\/www.facet.unt.edu.ar\/facetinforma\/wp-json\/wp\/v2\/categories?post=14014"},{"taxonomy":"post_tag","embeddable":true,"href":"https:\/\/www.facet.unt.edu.ar\/facetinforma\/wp-json\/wp\/v2\/tags?post=14014"}],"curies":[{"name":"wp","href":"https:\/\/api.w.org\/{rel}","templated":true}]}}