{"id":1415,"date":"2012-07-10T02:00:34","date_gmt":"2012-07-10T02:00:34","guid":{"rendered":"http:\/\/www1.herrera.unt.edu.ar\/facetinforma\/?p=1415"},"modified":"2012-07-10T02:00:34","modified_gmt":"2012-07-10T02:00:34","slug":"2da-circular-viii-jornadas-de-ciencia-y-tecnologia-del-noa-tucuman-2012","status":"publish","type":"post","link":"https:\/\/www.facet.unt.edu.ar\/facetinforma\/2012\/07\/10\/2da-circular-viii-jornadas-de-ciencia-y-tecnologia-del-noa-tucuman-2012\/","title":{"rendered":"Segunda Circular VIII Jornadas de Ciencia y Tecnolog\u00eda del NOA, Tucum\u00e1n 2012"},"content":{"rendered":"<p style=\"text-align: center\" align=\"center\"><span style=\"color: #000080\"><strong>VIII Jornadas de Ciencia y Tecnolog\u00eda de Facultades de Ingenier\u00eda\u00a0 del NOA<\/strong><\/span><strong><\/strong><\/p>\n<p style=\"text-align: center\"><strong>\u00a0\u00a0 Tucum\u00e1n, 27 y 28 de Setiembre de 2012<\/strong><\/p>\n<p style=\"text-align: center\"><span style=\"color: #000080\"><strong>SEGUNDA CIRCULAR<\/strong><\/span><\/p>\n<p style=\"text-align: justify\">El Comit\u00e9 Organizador de las <strong>VIII Jornadas de Ciencia y Tecnolog\u00eda de las Facultades de Ingenier\u00eda del NOA <\/strong>tiene el agrado de informar que se encuentra habilitado el sitio de las Jornadas que se llevar\u00e1n a cabo en San Miguel de Tucum\u00e1n, los d\u00edas 27 y 28 de Setiembre de 2012.<\/p>\n<p style=\"text-align: justify\">En el mencionado sitio, podr\u00e1n encontrar informaci\u00f3n de las mencionadas Jornadas referida a:<\/p>\n<table style=\"width: 657px;height: 62px\" border=\"0\" cellspacing=\"0\" cellpadding=\"0\">\n<tbody>\n<tr>\n<td valign=\"top\" width=\"419\">\n<p>* Objetivos<\/p>\n<\/td>\n<td valign=\"top\" width=\"232\">\n<p>* Circulares<\/p>\n<\/td>\n<\/tr>\n<tr>\n<td valign=\"top\" width=\"419\">\n<p>* \u00c1reas Tem\u00e1tica<\/p>\n<\/td>\n<td valign=\"top\" width=\"232\">\n<p>* Formato de los trabajos<\/p>\n<\/td>\n<\/tr>\n<tr>\n<td valign=\"top\" width=\"419\">\n<p>* Fechas Importantes<\/p>\n<\/td>\n<td valign=\"top\" width=\"232\">\n<p>* Inscripci\u00f3n y\u00a0 Aranceles\u00a0<\/p>\n<\/td>\n<\/tr>\n<tr>\n<td valign=\"top\" width=\"419\">\n<p>* Informaci\u00f3n acerca de la Sede y c\u00f3mo llegar a la misma.<\/p>\n<\/td>\n<td valign=\"top\" width=\"232\">\n<p>&nbsp;<\/p>\n<\/td>\n<\/tr>\n<\/tbody>\n<\/table>\n<p>Para acceder a la p\u00e1gina de las <strong>VIII Jornadas de Ciencia y Tecnolog\u00eda de las Facultades de Ingenier\u00eda del NOA, Tucum\u00e1n 2012, <\/strong>haga click aqu\u00ed: <a href=\"http:\/\/www.jctnoa.unt.edu.ar\" target=\"_blank\"><strong>www.jctnoa.unt.edu.ar<\/strong><\/a><\/p>\n<p>Correo Electr\u00f3nico para consultas: <strong><a href=\"mailto:cytfacet@herrera.unt.edu.ar\">cytfacet@herrera.unt.edu.ar<\/a><\/strong><\/p>\n<p>Recordamos las<strong> FECHAS IMPORTANTES <\/strong>de la presente Convocatoria:<\/p>\n<p><strong>&#8211; INICIO de CONVOCATORIA: 24 de Mayo de 2012<\/strong><\/p>\n<p><strong>&#8211; L\u00cdMITE de ENV\u00cdO (FINAL PAPER SUBMISSION): 3 de Agosto de 2012<\/strong><\/p>\n<p><strong>&#8211; PERIODO de REVISI\u00d3N: 20 de Agosto de 2012<\/strong><\/p>\n<p><strong>&#8211; NOTIFICACI\u00d3N de ACEPTACI\u00d3N: 24 de Agosto de 2012<\/strong><\/p>\n<p><strong>&#8211; FECHA TOPE para INSCRIPCI\u00d3N: 31 de Agosto de 2012 <\/strong><\/p>\n<p style=\"text-align: justify\"><strong>&#8211; ENVIO de ART\u00cdCULO CORREGIDO: 3 de Setiembre de 2012<\/strong><\/p>\n<p style=\"text-align: justify\">Por otro lado el Comit\u00e9 Organizador ha realizado un esfuerzo por <strong>mantener los precios de la Inscripci\u00f3n a las Jornadas a los valores del a\u00f1o anterior para expositores y alumnos<\/strong>.<\/p>\n<p style=\"text-align: justify\">La <strong>exposici\u00f3n oral<\/strong>\u00a0 ser\u00e1 presentada por un solo expositor, quien <strong>abonar\u00e1<\/strong> la suma de <strong>$400<\/strong> (cuatrocientos pesos); los asistentes abonar\u00e1n <strong>$300<\/strong> (doscientos pesos) y los estudiantes abonar\u00e1n <strong>$50<\/strong> (cincuenta pesos).<\/p>\n<p style=\"text-align: justify\">El <strong>pago<\/strong> de los montos mencionados incluye:\u00a0\u00a0<\/p>\n<ul style=\"text-align: justify\">\n<li>Carpeta con informaci\u00f3n.<\/li>\n<li>CD con los trabajos completos.<\/li>\n<li>Libro de Res\u00famenes.<\/li>\n<li>Lunch y Cafeter\u00eda.\u00a0\u00a0\u00a0\u00a0\u00a0\u00a0\u00a0\u00a0\u00a0\u00a0\u00a0\u00a0\u00a0\u00a0\u00a0\u00a0\u00a0\u00a0\u00a0\u00a0\u00a0\u00a0\u00a0\u00a0\u00a0\u00a0\u00a0\u00a0\u00a0\u00a0\u00a0\u00a0 \u00a0\u00a0\u00a0\u00a0\u00a0\u00a0\u00a0\u00a0<\/li>\n<\/ul>\n<p style=\"text-align: justify\">Finalmente le adjuntamos el Afiche de las Jornadas, esperando tenerlos en Tucum\u00e1n a unos d\u00edas del \u201cBicentenario de la Batalla de Tucum\u00e1n\u201d para festejar con nosotros la gran victoria de la Gesta de la Independencia argentina: <br \/>&#8211; <a href=\"http:\/\/www.jctnoa.unt.edu.ar\/afiche\/AficheJCTNOA2012_2.jpg\" target=\"_blank\">Afiche.jpg<\/a><\/p>\n<p>Saludos cordiales,<\/p>\n<h6><span style=\"font-size: x-small;font-family: times new roman,times\">&#8212;<\/span><br \/><span style=\"font-size: x-small;font-family: times new roman,times\">Dra Myriam Herrera<\/span><br \/><span style=\"font-size: x-small;font-family: times new roman,times\"> Secretaria General VII JCTNOA 2012<\/span><br \/><span style=\"font-size: x-small;font-family: times new roman,times\"> DEPARTAMENTO DE CIENCIA Y T\u00c9CNICA <\/span><br \/><span style=\"font-size: x-small;font-family: times new roman,times\"> FACET- UNT<\/span><\/h6>\n","protected":false},"excerpt":{"rendered":"<p>VIII Jornadas de Ciencia y Tecnolog\u00eda de Facultades de Ingenier\u00eda\u00a0 del NOA \u00a0\u00a0 Tucum\u00e1n, 27 y 28 de Setiembre de 2012 SEGUNDA CIRCULAR El Comit\u00e9 Organizador de las VIII Jornadas de Ciencia y Tecnolog\u00eda de las Facultades de Ingenier\u00eda del NOA tiene el agrado de informar que se encuentra habilitado el sitio de las Jornadas [&hellip;]<\/p>\n","protected":false},"author":6,"featured_media":0,"comment_status":"closed","ping_status":"open","sticky":false,"template":"","format":"standard","meta":[],"categories":[5],"tags":[],"_links":{"self":[{"href":"https:\/\/www.facet.unt.edu.ar\/facetinforma\/wp-json\/wp\/v2\/posts\/1415"}],"collection":[{"href":"https:\/\/www.facet.unt.edu.ar\/facetinforma\/wp-json\/wp\/v2\/posts"}],"about":[{"href":"https:\/\/www.facet.unt.edu.ar\/facetinforma\/wp-json\/wp\/v2\/types\/post"}],"author":[{"embeddable":true,"href":"https:\/\/www.facet.unt.edu.ar\/facetinforma\/wp-json\/wp\/v2\/users\/6"}],"replies":[{"embeddable":true,"href":"https:\/\/www.facet.unt.edu.ar\/facetinforma\/wp-json\/wp\/v2\/comments?post=1415"}],"version-history":[{"count":0,"href":"https:\/\/www.facet.unt.edu.ar\/facetinforma\/wp-json\/wp\/v2\/posts\/1415\/revisions"}],"wp:attachment":[{"href":"https:\/\/www.facet.unt.edu.ar\/facetinforma\/wp-json\/wp\/v2\/media?parent=1415"}],"wp:term":[{"taxonomy":"category","embeddable":true,"href":"https:\/\/www.facet.unt.edu.ar\/facetinforma\/wp-json\/wp\/v2\/categories?post=1415"},{"taxonomy":"post_tag","embeddable":true,"href":"https:\/\/www.facet.unt.edu.ar\/facetinforma\/wp-json\/wp\/v2\/tags?post=1415"}],"curies":[{"name":"wp","href":"https:\/\/api.w.org\/{rel}","templated":true}]}}