{"id":14179,"date":"2018-03-20T11:44:21","date_gmt":"2018-03-20T14:44:21","guid":{"rendered":"https:\/\/www.facet.unt.edu.ar\/facetinforma\/?p=14179"},"modified":"2018-03-20T11:55:59","modified_gmt":"2018-03-20T14:55:59","slug":"encuentro-regional-de-la-union-matematica-argentina-en-tucuman-eruma","status":"publish","type":"post","link":"https:\/\/www.facet.unt.edu.ar\/facetinforma\/2018\/03\/20\/encuentro-regional-de-la-union-matematica-argentina-en-tucuman-eruma\/","title":{"rendered":"Encuentro Regional de la Uni\u00f3n Matem\u00e1tica Argentina en Tucum\u00e1n \u2013 ERUMA"},"content":{"rendered":"<p>Se invita a la comunidad universitaria a participar del <strong>&#8220;Encuentro Regional de la Uni\u00f3n Matem\u00e1tica Argentina en Tucum\u00e1n \u2013 ERUMA&#8221;<\/strong> a realizarse los d\u00edas 21 al 23 de Mayo en la FACET.\u00a0<!--more--><\/p>\n<p>Las actividades previstas para el evento son:<\/p>\n<ul>\n<li>Cursos para estudiantes de Prof. y Lic. en Matem\u00e1tica.<\/li>\n<li>Talleres de Capacitaci\u00f3n para profesores del secundario.<\/li>\n<li>Conferencias<\/li>\n<li>Actividades para la Comunidad Matem\u00e1tica.<\/li>\n<\/ul>\n<p>Para m\u00e1s informaci\u00f3n y\/o consultas: <a href=\"mailto:erumatuc2018@gmail.com\">erumatuc2018@gmail.com<\/a><\/p>\n<p>Sitio web del evento:\u00a0<a href=\"https:\/\/www.facet.unt.edu.ar\/umatucuman2017\">https:\/\/www.facet.unt.edu.ar\/umatucuman2017<\/a>\u00a0(en construcci\u00f3n).<\/p>\n<p><a href=\"https:\/\/www.facet.unt.edu.ar\/facetinforma\/wp-content\/uploads\/sites\/9\/2018\/03\/AFICHE-ERUMA-2018.png\"><img decoding=\"async\" loading=\"lazy\" class=\"aligncenter  wp-image-14185\" src=\"https:\/\/www.facet.unt.edu.ar\/facetinforma\/wp-content\/uploads\/sites\/9\/2018\/03\/AFICHE-ERUMA-2018.png\" alt=\"\" width=\"427\" height=\"532\" srcset=\"https:\/\/www.facet.unt.edu.ar\/facetinforma\/wp-content\/uploads\/sites\/9\/2018\/03\/AFICHE-ERUMA-2018.png 960w, https:\/\/www.facet.unt.edu.ar\/facetinforma\/wp-content\/uploads\/sites\/9\/2018\/03\/AFICHE-ERUMA-2018-241x300.png 241w, https:\/\/www.facet.unt.edu.ar\/facetinforma\/wp-content\/uploads\/sites\/9\/2018\/03\/AFICHE-ERUMA-2018-768x958.png 768w, https:\/\/www.facet.unt.edu.ar\/facetinforma\/wp-content\/uploads\/sites\/9\/2018\/03\/AFICHE-ERUMA-2018-821x1024.png 821w\" sizes=\"(max-width: 427px) 100vw, 427px\" \/><\/a><\/p>\n<p>&nbsp;<\/p>\n","protected":false},"excerpt":{"rendered":"<p>Se invita a la comunidad universitaria a participar del &#8220;Encuentro Regional de la Uni\u00f3n Matem\u00e1tica Argentina en Tucum\u00e1n \u2013 ERUMA&#8221; a realizarse los d\u00edas 21 al 23 de Mayo en la FACET.\u00a0<\/p>\n","protected":false},"author":6,"featured_media":0,"comment_status":"closed","ping_status":"closed","sticky":false,"template":"","format":"standard","meta":[],"categories":[5],"tags":[],"_links":{"self":[{"href":"https:\/\/www.facet.unt.edu.ar\/facetinforma\/wp-json\/wp\/v2\/posts\/14179"}],"collection":[{"href":"https:\/\/www.facet.unt.edu.ar\/facetinforma\/wp-json\/wp\/v2\/posts"}],"about":[{"href":"https:\/\/www.facet.unt.edu.ar\/facetinforma\/wp-json\/wp\/v2\/types\/post"}],"author":[{"embeddable":true,"href":"https:\/\/www.facet.unt.edu.ar\/facetinforma\/wp-json\/wp\/v2\/users\/6"}],"replies":[{"embeddable":true,"href":"https:\/\/www.facet.unt.edu.ar\/facetinforma\/wp-json\/wp\/v2\/comments?post=14179"}],"version-history":[{"count":5,"href":"https:\/\/www.facet.unt.edu.ar\/facetinforma\/wp-json\/wp\/v2\/posts\/14179\/revisions"}],"predecessor-version":[{"id":14186,"href":"https:\/\/www.facet.unt.edu.ar\/facetinforma\/wp-json\/wp\/v2\/posts\/14179\/revisions\/14186"}],"wp:attachment":[{"href":"https:\/\/www.facet.unt.edu.ar\/facetinforma\/wp-json\/wp\/v2\/media?parent=14179"}],"wp:term":[{"taxonomy":"category","embeddable":true,"href":"https:\/\/www.facet.unt.edu.ar\/facetinforma\/wp-json\/wp\/v2\/categories?post=14179"},{"taxonomy":"post_tag","embeddable":true,"href":"https:\/\/www.facet.unt.edu.ar\/facetinforma\/wp-json\/wp\/v2\/tags?post=14179"}],"curies":[{"name":"wp","href":"https:\/\/api.w.org\/{rel}","templated":true}]}}